{"id":2978,"date":"2011-05-11T10:21:13","date_gmt":"2011-05-11T09:21:13","guid":{"rendered":"http:\/\/heijbel.wordpress.com\/2011\/05\/11\/nyhetsbrev-61-den-gamle-svetsaren"},"modified":"2011-05-11T10:21:13","modified_gmt":"2011-05-11T09:21:13","slug":"nyhetsbrev-61-den-gamle-svetsaren","status":"publish","type":"post","link":"https:\/\/storytellers.se\/?p=2978","title":{"rendered":"Nyhetsbrev 61: Den gamle svetsaren"},"content":{"rendered":"<p>I g\u00e5r gick det 61 nyhetsbrevet iv\u00e4g fr\u00e5n storytellers.se till cirka 3.100 prenumeranter. Du kan l\u00e4sa den via l\u00e4nken h\u00e4r under. Om du sj\u00e4lv vill vara med p\u00e5 s\u00e4ndlistan, givetvis utan kostnad, s\u00e5 kan du maila mig om det h\u00e4r: <a href=\"mailto:nyhetsbrev@storytellers.se\">nyhetsbrev@storytellers.se<\/a><\/p>\n<p><!--more--><br \/>\nNyhetsbrev 61:<br \/>\nHej Storytellerv\u00e4n.<br \/>\nDetta \u00e4r det sextiof\u00f6rsta nyhetsbrevet fr\u00e5n www.storytellers.se och du f\u00e5r det f\u00f6r att du anm\u00e4lt dig till listan p\u00e5 egen hand eller i samband med n\u00e5got av mina seminarier. Jag heter <strong>Matts Heijbel<\/strong> och \u00e4r en journalist och socialantropolog som letar och sk\u00f6rdar i kulturkapitalet \u00e5t f\u00f6retag och organisationer.<br \/>\nJag brinner f\u00f6r detta med storytelling och vet att v\u00e4rdet i de sanna ber\u00e4ttelserna om organisationer och deras m\u00e4nniskor, varor och tj\u00e4nster \u00e4r mycket h\u00f6gt och jag ser dagligen att de som s\u00e4tter sina ber\u00e4ttelser i arbete blir framg\u00e5ngsrika.<br \/>\nH\u00e4r i nyhetsbrevet ber\u00e4ttar jag lite av det som h\u00e4nt sedan sist och vad som \u00e4r p\u00e5 g\u00e5ng i den Storytellerv\u00e4rld som jag lever i p\u00e5 heltid sen drygt 10 \u00e5r.<br \/>\n+++++++++++++++++++++++++++++++++++++++++++++++++++++<br \/>\nNu i veckan ska jag \u00e5ka till Estland f\u00f6r att bland annat vara Key Note Speaker p\u00e5<em> P\u00e4rnu Marketing Conference<\/em>. D\u00e5 kommer marknadschefer och andra ledare fr\u00e5n hela Estland f\u00f6r att ta intryck av vad som h\u00e4nder p\u00e5 marknadsf\u00f6ringssidan ocks\u00e5 i andra l\u00e4nder.<br \/>\nMan har bed\u00f6mt att estl\u00e4ndskt n\u00e4ringsliv m\u00e5ste bli b\u00e4ttre p\u00e5 att s\u00f6ka, finna och sk\u00f6rda de ber\u00e4ttelser som de beh\u00f6ver f\u00f6r att hantera den historiska situation som landet nu befinner sig i i och med EU-medlemskapet och mycket annat. D\u00e4r f\u00e5r jag en roll.<br \/>\nDe har till och med \u00f6versatt min bok <strong>Storytelling befolkar varum\u00e4rket<\/strong> till estniska vilket visar vilka ambitioner den lilla baltiska nationen har.<br \/>\nI samband med detta har de lagt ut n\u00e5gra inspelningar p\u00e5 <em>Youtube<\/em> som de gjort med mig d\u00e4r jag talar om \u00e4mnet p\u00e5 engelska. De finns d\u00e4r om du s\u00f6ker p\u00e5 &#8221;heijbel&#8221; p\u00e5 youtube.<br \/>\n+++++++++++++++++++++++++++++++++++++++++++++++++++++<br \/>\nJag h\u00f6rde om en man som hade b\u00f6rjat i familjef\u00f6retaget redan i ton\u00e5ren. D\u00e4r l\u00e4rde han sig att svetsa och han blev med tiden en av de allra skickligaste.<br \/>\nN\u00e4r han var en 55-plusare b\u00f6rjade han bli sliten och den h\u00f6gra armen orkade inte l\u00e4ngre lyda honom i svetsarbetet. Hans l\u00e4kare sa att det definitivt var f\u00e4rdigsvetsat f\u00f6r hans del.<br \/>\nHan tog emot det tunga beskedet och antog att han var ute fr\u00e5n arbetsmarknaden efter detta. Han kunde ju bara, menade han, svetsa.<br \/>\nMen han fick kontakt med den b\u00e4sta jobbcoachen av alla, den egna dottern.<br \/>\nDottern som jobbar p\u00e5 omst\u00e4llningsf\u00f6retaget Antenn st\u00f6ttade honom och skrev hans cv utifr\u00e5n ett livsperspektiv. Visst var han fr\u00e4mst en skicklig men numera sliten svetsare. Men han hade genom \u00e5ren haft m\u00e5nga olika uppgifter i firman.<br \/>\nHan hade dessutom byggt sitt eget hus och fostrat sina barn. Han var helt enkelt en man med bred erfarenhet och kunskap.<br \/>\nI dag \u00e4r han incoachad p\u00e5 ett byggvaruhus som genast ins\u00e5g att den h\u00e4r mannen har en bred praktisk teknisk erfarenhet och han dessutom f\u00f6rst\u00e5r vad som g\u00e4ller om man bygger och reparerar ett hus. En perfekt medarbetare.<br \/>\nGrattis byggvaruhuset.<br \/>\n+++++++++++++++++++++++++++++++++++++++++++++++++++++<br \/>\nDen ber\u00e4ttelsen h\u00f6rde jag n\u00e4r jag hade storytellingseminarium med workshop och sk\u00f6rd med omst\u00e4llningsf\u00f6retaget <em>Antenn<\/em> som har den st\u00f6rsta marknadsandelen inom omst\u00e4llningsbranschen. De finns p\u00e5 60 platser i Sverige. Dessa jobbcoacher hittar ofta sp\u00e4nnande v\u00e4gar f\u00f6r deltagarna i sina program. Deras ber\u00e4ttelser \u00e4r starka och emotionella.<br \/>\n+++++++++++++++++++++++++++++++++++++++++++++++++++++<br \/>\nJag har ocks\u00e5 arbetat med <em>HiQ<\/em> som \u00e4r ett IT- och Managementkonsultf\u00f6retag vars konsulter r\u00f6r sig brett \u00f6ver svenskt n\u00e4ringsliv. Som en slags intellektuella nomader l\u00e4mnar de moderskeppet och delar tillvaron med kundf\u00f6retagens medarbetare n\u00e4r de bygger webbplattformar och deltar i organisationsutvecklingsprojekt.<br \/>\nD\u00e5 \u00e4r det viktigt f\u00f6r mamma HiQ att arbeta f\u00f6r en stark kultur och arbetsgivaridentitet s\u00e5 att konsulterna f\u00f6rst\u00e5r var de h\u00f6r hemma. HiQ bygger arbetsgivarvarum\u00e4rket.<br \/>\nEn tanke aprop\u00e5 detta \u00e4r att om de samlar ber\u00e4ttelser om h\u00e4ndelser som visar vilka de \u00e4r och vad de kan och vart de \u00e4r p\u00e5 v\u00e4g s\u00e5 kan HiQ-konsulterna sprida sina ber\u00e4ttelser n\u00e4r de sitter hos kundernas l\u00e4gereldar i fikarum och vid kaffeapparater. Man kan helt enkelt packa ryggs\u00e4cken med sina b\u00e4sta HiQ-stories.<br \/>\n+++++++++++++++++++++++++++++++++++++++++++++++++++++<br \/>\nDet \u00e4r viktigt att ha en repertoar som kan kan anv\u00e4nda n\u00e4r man kommer till l\u00e4gereldarna. Det \u00e4r f\u00f6rst\u00e5s vid kaffeapparater och i lunchrum. Men gl\u00f6m inte att de flesta l\u00e4gereldarna numera finns p\u00e5 Facebook och bland bloggar och twitterfl\u00f6den.<br \/>\nJag brukar f\u00e5 fr\u00e5gan om jag kan tala om storytelling och den sociala webben. Jag s\u00e4ger d\u00e5 att det g\u00f6r jag g\u00e4rna. Men att det d\u00e5 handlar om det inneh\u00e5ll som kommuniceras eftersom den sociala webben helt enkelt \u00e4r en ny version av samma gamla l\u00e4gereldar. Det brusar av miljontals samtal d\u00e4r ute.<br \/>\nVid l\u00e4gerelden s\u00e4tter man sig f\u00f6rsiktigt om man f\u00e5r. Man lyssnar p\u00e5 vad de talar om och vad de tycker. Sen kan man plocka fram sina ber\u00e4ttelser och bjuda p\u00e5 sin kunskap som f\u00f6retag och organisation.<br \/>\nDet duger inte bara komma och tuta och trumpeta och sl\u00e5 p\u00e5 truman om sin egen f\u00f6rtr\u00e4fflighet. Bygg relationer och bjud p\u00e5 er kunskap.<br \/>\n+++++++++++++++++++++++++++++++++++++++++++++++++++++<br \/>\nDetta har en del organisationer nu b\u00f6rjat arbeta med genom att med ett l\u00e4mpligt s\u00f6kverktyg scanna av den sociala webben f\u00f6r att h\u00f6ra var de talar om det som ang\u00e5r just den egna verksamheten. Man kan ocks\u00e5 p\u00e5 detta s\u00e4tt skapa en upps\u00f6kande kundtj\u00e4nst.<br \/>\n+++++++++++++++++++++++++++++++++++++++++++++++++++++<br \/>\nDet var allt f\u00f6r denna g\u00e5ng. Jag som skrev heter <strong>Matts Heijbel<\/strong> och detta var allts\u00e5 sextiof\u00f6rsta g\u00e5ngen jag skrev. P\u00e5 www.storytellers.se finns nyhetsbreven och tusen andra texter i \u00e4mnet samlade.<br \/>\nDet finns ocks\u00e5 en rad klipp p\u00e5 Youtube och boken Storytelling befolkar varum\u00e4rket finns bland annat i n\u00e4tbokhandeln. Om du \u00e4r intresserad.<br \/>\nHar du f\u00e5tt nog s\u00e5 kan du v\u00e4nda mejlet med ett nej tack s\u00e5 tar jag bort dig ur s\u00e4ndlistan.<br \/>\nHej s\u00e5 l\u00e4nge,<br \/>\nh\u00e4lsar<br \/>\nMatts Heijbel<br \/>\nGr\u00f6dinge  \/ Stockholm<br \/>\n10 maj 2011<\/p>\n","protected":false},"excerpt":{"rendered":"<p>I g\u00e5r gick det 61 nyhetsbrevet iv\u00e4g fr\u00e5n storytellers.se till cirka 3.100 prenumeranter. Du kan l\u00e4sa den via l\u00e4nken h\u00e4r under. Om du sj\u00e4lv vill vara med p\u00e5 s\u00e4ndlistan, givetvis utan kostnad, s\u00e5 kan du maila mig om det h\u00e4r: nyhetsbrev@storytellers.se<\/p>\n","protected":false},"author":2,"featured_media":0,"comment_status":"open","ping_status":"closed","sticky":false,"template":"","format":"standard","meta":[],"categories":[8],"tags":[],"_links":{"self":[{"href":"https:\/\/storytellers.se\/index.php?rest_route=\/wp\/v2\/posts\/2978"}],"collection":[{"href":"https:\/\/storytellers.se\/index.php?rest_route=\/wp\/v2\/posts"}],"about":[{"href":"https:\/\/storytellers.se\/index.php?rest_route=\/wp\/v2\/types\/post"}],"author":[{"embeddable":true,"href":"https:\/\/storytellers.se\/index.php?rest_route=\/wp\/v2\/users\/2"}],"replies":[{"embeddable":true,"href":"https:\/\/storytellers.se\/index.php?rest_route=%2Fwp%2Fv2%2Fcomments&post=2978"}],"version-history":[{"count":0,"href":"https:\/\/storytellers.se\/index.php?rest_route=\/wp\/v2\/posts\/2978\/revisions"}],"wp:attachment":[{"href":"https:\/\/storytellers.se\/index.php?rest_route=%2Fwp%2Fv2%2Fmedia&parent=2978"}],"wp:term":[{"taxonomy":"category","embeddable":true,"href":"https:\/\/storytellers.se\/index.php?rest_route=%2Fwp%2Fv2%2Fcategories&post=2978"},{"taxonomy":"post_tag","embeddable":true,"href":"https:\/\/storytellers.se\/index.php?rest_route=%2Fwp%2Fv2%2Ftags&post=2978"}],"curies":[{"name":"wp","href":"https:\/\/api.w.org\/{rel}","templated":true}]}}