{"id":2972,"date":"2011-05-04T23:02:08","date_gmt":"2011-05-04T22:02:08","guid":{"rendered":"http:\/\/heijbel.wordpress.com\/2011\/05\/04\/synskadades-berattelser"},"modified":"2011-05-04T23:02:08","modified_gmt":"2011-05-04T22:02:08","slug":"synskadades-berattelser","status":"publish","type":"post","link":"https:\/\/storytellers.se\/?p=2972","title":{"rendered":"Synskadades ber\u00e4ttelser"},"content":{"rendered":"<p>I tv\u00e5 dagar har jag arbetat med ombudsm\u00e4n och verksamhetsm\u00e4nniskor i <strong>Synskadades Riksf\u00f6rbund<\/strong>. SRF har allt f\u00e4rre medlemmar och medel\u00e5ldern \u00e4r extremt h\u00f6g. De beh\u00f6ver nya ber\u00e4ttelser f\u00f6r att attrahera de unga och nya grupper som invandrare. D\u00e4rf\u00f6r har jag varit hos dem n\u00e5gra dagar p\u00e5 kursg\u00e5rden <em>Alm\u00e5sa<\/em> f\u00f6r att vi tillsammans ska se vilka ber\u00e4ttelser de har och vilka de b\u00f6r sk\u00f6rda f\u00f6r att n\u00e5 framg\u00e5ng i 2010-talet.<\/p>\n","protected":false},"excerpt":{"rendered":"<p>I tv\u00e5 dagar har jag arbetat med ombudsm\u00e4n och verksamhetsm\u00e4nniskor i Synskadades Riksf\u00f6rbund. SRF har allt f\u00e4rre medlemmar och medel\u00e5ldern \u00e4r extremt h\u00f6g. De beh\u00f6ver nya ber\u00e4ttelser f\u00f6r att attrahera de unga och nya grupper som invandrare. D\u00e4rf\u00f6r har jag varit hos dem n\u00e5gra dagar p\u00e5 kursg\u00e5rden Alm\u00e5sa f\u00f6r att vi tillsammans ska se vilka&#8230;<\/p>\n","protected":false},"author":2,"featured_media":0,"comment_status":"open","ping_status":"closed","sticky":false,"template":"","format":"standard","meta":[],"categories":[2],"tags":[],"_links":{"self":[{"href":"https:\/\/storytellers.se\/index.php?rest_route=\/wp\/v2\/posts\/2972"}],"collection":[{"href":"https:\/\/storytellers.se\/index.php?rest_route=\/wp\/v2\/posts"}],"about":[{"href":"https:\/\/storytellers.se\/index.php?rest_route=\/wp\/v2\/types\/post"}],"author":[{"embeddable":true,"href":"https:\/\/storytellers.se\/index.php?rest_route=\/wp\/v2\/users\/2"}],"replies":[{"embeddable":true,"href":"https:\/\/storytellers.se\/index.php?rest_route=%2Fwp%2Fv2%2Fcomments&post=2972"}],"version-history":[{"count":0,"href":"https:\/\/storytellers.se\/index.php?rest_route=\/wp\/v2\/posts\/2972\/revisions"}],"wp:attachment":[{"href":"https:\/\/storytellers.se\/index.php?rest_route=%2Fwp%2Fv2%2Fmedia&parent=2972"}],"wp:term":[{"taxonomy":"category","embeddable":true,"href":"https:\/\/storytellers.se\/index.php?rest_route=%2Fwp%2Fv2%2Fcategories&post=2972"},{"taxonomy":"post_tag","embeddable":true,"href":"https:\/\/storytellers.se\/index.php?rest_route=%2Fwp%2Fv2%2Ftags&post=2972"}],"curies":[{"name":"wp","href":"https:\/\/api.w.org\/{rel}","templated":true}]}}