{"id":2968,"date":"2011-04-26T11:50:54","date_gmt":"2011-04-26T10:50:54","guid":{"rendered":"http:\/\/heijbel.wordpress.com\/2011\/04\/26\/samma-gamla-lagereldar-2"},"modified":"2011-04-26T11:50:54","modified_gmt":"2011-04-26T10:50:54","slug":"samma-gamla-lagereldar-2","status":"publish","type":"post","link":"https:\/\/storytellers.se\/?p=2968","title":{"rendered":"Samma gamla l\u00e4gereldar"},"content":{"rendered":"<p>Jag f\u00e5r ofta fr\u00e5gor om storytelling och sociala medier. Jag brukar d\u00e5 s\u00e4ga att det \u00e4r samma gamla l\u00e4gereldar nu som f\u00f6rr men att de nu ocks\u00e5 finns i miljontal p\u00e5 bl a webben. Det handlar i stor utstr\u00e4ckning om att story-listening och om att svara. Det g\u00e5r ocks\u00e5 att packa ryggs\u00e4cken med en repertoar av egna ber\u00e4ttelser n\u00e4r men s\u00f6ker upp dessa eldar.<br \/>\nN\u00e4r man n\u00e4rmar sig en&#8230;<\/p>\n<p><!--more--><br \/>\n&#8230;l\u00e4gereld s\u00e5 ska man vara f\u00f6rsiktig och lyssna artigt vad som p\u00e5g\u00e5r just d\u00e4r. Det g\u00e4ller f\u00f6r f\u00f6retag och organisationer ocks\u00e5.<br \/>\nLyssna, k\u00e4nn in, ber\u00e4tta!<br \/>\nNu har <strong>AFA F\u00f6rs\u00e4kring<\/strong> med hj\u00e4lp av ett s\u00f6kverktyg b\u00f6rjat med upps\u00f6kande kundtj\u00e4nst som bygger p\u00e5 just detta. De lyssnar av samtalen vid n\u00e4tets alla bloggar och l\u00e4gereldar. N\u00e4r man hittar samtal som handlar om arbetsskador, l\u00e5ngtidssjukskrivningar eller f\u00f6r\u00e4ldraledigheter s\u00e5 tipsar AFA dem om att de kan ha r\u00e4tt till ers\u00e4ttning.<br \/>\nNu skulle AFA kunna ladda sin repertoar av stories s\u00e5 befolkar de sitt varum\u00e4rke av bara farten n\u00e4r de \u00e4nd\u00e5 \u00e4r d\u00e4rute och samtalar.<br \/>\nNyligen fick AFA pris f\u00f6r sin upps\u00f6kande kundtj\u00e4nst av f\u00f6rs\u00e4kringsbranschen.<\/p>\n","protected":false},"excerpt":{"rendered":"<p>Jag f\u00e5r ofta fr\u00e5gor om storytelling och sociala medier. Jag brukar d\u00e5 s\u00e4ga att det \u00e4r samma gamla l\u00e4gereldar nu som f\u00f6rr men att de nu ocks\u00e5 finns i miljontal p\u00e5 bl a webben. Det handlar i stor utstr\u00e4ckning om att story-listening och om att svara. Det g\u00e5r ocks\u00e5 att packa ryggs\u00e4cken med en repertoar&#8230;<\/p>\n","protected":false},"author":2,"featured_media":0,"comment_status":"open","ping_status":"closed","sticky":false,"template":"","format":"standard","meta":[],"categories":[2],"tags":[],"_links":{"self":[{"href":"https:\/\/storytellers.se\/index.php?rest_route=\/wp\/v2\/posts\/2968"}],"collection":[{"href":"https:\/\/storytellers.se\/index.php?rest_route=\/wp\/v2\/posts"}],"about":[{"href":"https:\/\/storytellers.se\/index.php?rest_route=\/wp\/v2\/types\/post"}],"author":[{"embeddable":true,"href":"https:\/\/storytellers.se\/index.php?rest_route=\/wp\/v2\/users\/2"}],"replies":[{"embeddable":true,"href":"https:\/\/storytellers.se\/index.php?rest_route=%2Fwp%2Fv2%2Fcomments&post=2968"}],"version-history":[{"count":0,"href":"https:\/\/storytellers.se\/index.php?rest_route=\/wp\/v2\/posts\/2968\/revisions"}],"wp:attachment":[{"href":"https:\/\/storytellers.se\/index.php?rest_route=%2Fwp%2Fv2%2Fmedia&parent=2968"}],"wp:term":[{"taxonomy":"category","embeddable":true,"href":"https:\/\/storytellers.se\/index.php?rest_route=%2Fwp%2Fv2%2Fcategories&post=2968"},{"taxonomy":"post_tag","embeddable":true,"href":"https:\/\/storytellers.se\/index.php?rest_route=%2Fwp%2Fv2%2Ftags&post=2968"}],"curies":[{"name":"wp","href":"https:\/\/api.w.org\/{rel}","templated":true}]}}