{"id":2962,"date":"2011-04-06T14:25:16","date_gmt":"2011-04-06T13:25:16","guid":{"rendered":"http:\/\/heijbel.wordpress.com\/2011\/04\/06\/storytelling-befolkar-nuet"},"modified":"2011-04-06T14:25:16","modified_gmt":"2011-04-06T13:25:16","slug":"storytelling-befolkar-nuet","status":"publish","type":"post","link":"https:\/\/storytellers.se\/?p=2962","title":{"rendered":"Storytelling befolkar nuet"},"content":{"rendered":"<p>I s\u00e5 kallade <strong>Cultural Planning-sammanhang<\/strong> f\u00f6rs\u00f6ker regioner att hitta nya perspektiv f\u00f6r att g\u00f6ra en plats eller en del av en ort synlig och f\u00e5 den att &#8221;k\u00e4nnas&#8221;. I kulturpolitiska sammanhang har man d\u00e5 ofta sagt att kulturen fr\u00e5n kulturinstitutionerna (<em>kultur-kulturen<\/em>) beh\u00f6ver komma n\u00e4rmare och l\u00e4ngre in i samh\u00e4llsplaneringen. Kulturen ska f\u00e5s att tj\u00e4na platsen och nuet!<br \/>\nMin synpunkt \u00e4r att nutidsber\u00e4ttelserna fr\u00e5n arbetet i f\u00f6retag och i offentlig sektor \u00e4r lika mycket kultur som <em>kultur-kulturen<\/em>.<br \/>\nDenna kultur, s\u00e5 som den beskrivs i Corporate Storytelling-sammanhang, b\u00f6r vara en viktig energi i all Cultural Planning, eller vad vi nu v\u00e4ljer att kalla det.<br \/>\nEn sann ber\u00e4ttelse fr\u00e5n ett lokalt \u00e4ldreboende eller fr\u00e5n en fabrik eller ett kontor \u00e5r 2011 \u00e4r viktig f\u00f6r samh\u00e4llsutvecklingen n\u00e4r det g\u00e4ller att odla ortens, stadsdelens, kommunens eller regionens varum\u00e4rke. Kanske rent av lika viktig som en flintyxa fr\u00e5n en \u00e5ker, en gammal industrilokal eller som en pj\u00e4s p\u00e5 teatern.<\/p>\n","protected":false},"excerpt":{"rendered":"<p>I s\u00e5 kallade Cultural Planning-sammanhang f\u00f6rs\u00f6ker regioner att hitta nya perspektiv f\u00f6r att g\u00f6ra en plats eller en del av en ort synlig och f\u00e5 den att &#8221;k\u00e4nnas&#8221;. I kulturpolitiska sammanhang har man d\u00e5 ofta sagt att kulturen fr\u00e5n kulturinstitutionerna (kultur-kulturen) beh\u00f6ver komma n\u00e4rmare och l\u00e4ngre in i samh\u00e4llsplaneringen. Kulturen ska f\u00e5s att tj\u00e4na platsen&#8230;<\/p>\n","protected":false},"author":2,"featured_media":0,"comment_status":"open","ping_status":"closed","sticky":false,"template":"","format":"standard","meta":[],"categories":[2],"tags":[],"_links":{"self":[{"href":"https:\/\/storytellers.se\/index.php?rest_route=\/wp\/v2\/posts\/2962"}],"collection":[{"href":"https:\/\/storytellers.se\/index.php?rest_route=\/wp\/v2\/posts"}],"about":[{"href":"https:\/\/storytellers.se\/index.php?rest_route=\/wp\/v2\/types\/post"}],"author":[{"embeddable":true,"href":"https:\/\/storytellers.se\/index.php?rest_route=\/wp\/v2\/users\/2"}],"replies":[{"embeddable":true,"href":"https:\/\/storytellers.se\/index.php?rest_route=%2Fwp%2Fv2%2Fcomments&post=2962"}],"version-history":[{"count":0,"href":"https:\/\/storytellers.se\/index.php?rest_route=\/wp\/v2\/posts\/2962\/revisions"}],"wp:attachment":[{"href":"https:\/\/storytellers.se\/index.php?rest_route=%2Fwp%2Fv2%2Fmedia&parent=2962"}],"wp:term":[{"taxonomy":"category","embeddable":true,"href":"https:\/\/storytellers.se\/index.php?rest_route=%2Fwp%2Fv2%2Fcategories&post=2962"},{"taxonomy":"post_tag","embeddable":true,"href":"https:\/\/storytellers.se\/index.php?rest_route=%2Fwp%2Fv2%2Ftags&post=2962"}],"curies":[{"name":"wp","href":"https:\/\/api.w.org\/{rel}","templated":true}]}}