{"id":2954,"date":"2011-03-30T14:04:10","date_gmt":"2011-03-30T13:04:10","guid":{"rendered":"http:\/\/heijbel.wordpress.com\/2011\/03\/30\/de-stannade-langs-stigen"},"modified":"2011-03-30T14:04:10","modified_gmt":"2011-03-30T13:04:10","slug":"de-stannade-langs-stigen","status":"publish","type":"post","link":"https:\/\/storytellers.se\/?p=2954","title":{"rendered":"De stannade l\u00e4ngs stigen"},"content":{"rendered":"<p><strong>Kerstin Ekman<\/strong> \u00e4r medlem i <em>Svenska Akademien<\/em> precis som Nobelspristagaren <strong>Verner von Heidenstam<\/strong> en g\u00e5ng var. N\u00e4r Kerstin Ekman f\u00f6r n\u00e5gra \u00e5r sedan bes\u00f6kte Heidenstams <em>\u00d6vralid<\/em> med utsikt \u00f6ver V\u00e4ttern tr\u00e4ffade hon id\u00e9historikern <strong>Gunnar Eriksson<\/strong>. De b\u00e5da gick tillsammans i en grupp som f\u00f6ljde en naturstig kring \u00d6vralid och paret hamnade snart p\u00e5 efterk\u00e4lken. De b\u00e5da, i 80-\u00e5rs\u00e5ldern, f\u00f6ll p\u00e5 kn\u00e4 vid det osedda paradiset som fanns vid stigens kant. D\u00e4r l\u00e4rde d\u00e4r k\u00e4nna varandra medan de talade om <a href=\"http:\/\/www.google.se\/search?q=ekbr\u00e4ken&amp;hl=sv&amp;prmd=ivns&amp;tbm=isch&amp;tbo=u&amp;source=univ&amp;sa=X&amp;ei=TjKTTbDXJtGRswbmt53QBg&amp;ved=0CDgQsAQ&amp;biw=1280&amp;bih=593\"><em><strong>Ekbr\u00e4ken<\/strong><\/em><\/a> och <a href=\"http:\/\/www.google.se\/search?hl=sv&amp;biw=1280&amp;bih=593&amp;site=search&amp;tbm=isch&amp;sa=1&amp;q=skogsbingel&amp;btnG=S\u00f6k&amp;aq=f&amp;aqi=g1&amp;aql=&amp;oq=\"><em><strong>Skogsbingel<\/strong><\/em><\/a>.<br \/>\nDet \u00e4r en skapelseber\u00e4ttelse om&#8230;<\/p>\n<p><!--more--><br \/>\n&#8230;varf\u00f6r de tillsammans kom att skriva en bok som heter <em>Se blomman<\/em>, <a href=\"http:\/\/www.aftonbladet.se\/kultur\/article12798207.ab\"><em><strong>h\u00e4r<\/strong><\/em><\/a> recenserad av <strong>G\u00f6ran Greider<\/strong>.<br \/>\nJag kommer aldrig att gl\u00f6mma ber\u00e4ttelsen om hur att de kom p\u00e5 efterk\u00e4lken, f\u00f6ll p\u00e5 kn\u00e4 vid de vidunderliga osedda skatterna som blygsamt visade sig utmed stigen mitt i skapelsen d\u00e4r vid h\u00f6jden ovanf\u00f6r V\u00e4tterns yta.<br \/>\nEtt typiskt magiskt \u00f6gonblick som g\u00e4rna l\u00e5ter sig storyfieras.<br \/>\nBoken som de skrivit \u00e4r f\u00f6rst\u00e5s i sig ber\u00e4ttelser, liksom de flesta b\u00f6cker. Men storytelling i och om organisationer och f\u00f6retag, varor eller tj\u00e4nster, eller m\u00e4nniskor kopplade till allt detta handlar i huvudsak om <em>varf\u00f6r och vem<\/em>. Om vilka h\u00e4ndelser som l\u00e5g till grund f\u00f6r att det blev som det blev.<br \/>\nF\u00f6ljaktligen sysslar jag inte med predikokonst n\u00e4r jag tr\u00e4ffar Svenska Kyrkan eller om b\u00f6ckerna i hyllorna n\u00e4r jag tr\u00e4ffar biblioteken. Det \u00e4r n\u00e4mligen deras produkter, deras utbud i upplevelseindustrin om man s\u00e5 vill. Deras erbjudande. Kyrkan har bibeln och Jesus. Biblioteket b\u00f6cker, tidningar, f\u00f6rel\u00e4sningar m m. D\u00e4r har jag inte mycket att tillf\u00f6ra<br \/>\nJag s\u00f6ker storyn.<br \/>\nJag letar d\u00e4rf\u00f6r i st\u00e4llet efter ber\u00e4ttelser om varf\u00f6r dessa organisationer finns och vad som h\u00e4nder d\u00e4r. Hur de som levererar dessa tj\u00e4nster g\u00f6r det och om vilka m\u00e4nskliga m\u00f6ten de hamnar i. Vad de betytt f\u00f6r konsumenter, kunder och medarbetare. D\u00e4r finns storytellingens merv\u00e4rden. Jag s\u00f6ker dessa v\u00e4rden och sk\u00f6rdar dem.<br \/>\nOm n\u00e5gon fr\u00e5gar mig om denna bok kommer jag d\u00e4rf\u00f6r att vara b\u00e4rare av h\u00e4ndelsen att Kerstin Ekman och Gunnar Eriksson hamnade p\u00e5 efterk\u00e4lken under en vandring vid \u00d6vralid och att de stannade vid dikeskanten d\u00e4r de l\u00e4rde k\u00e4nna varandra vilket lede till boken <em>Se Blomman<\/em> som h\u00e4vdar att det vi har namn p\u00e5, det skyddar vi.<br \/>\nDetta trots att jag \u00e4nnu inte l\u00e4st boken. Storytelling i marknadsf\u00f6ringen med andra ord. D\u00e4r jag frivilligt och kanske oreflekterat arbetar gratis som ambassad\u00f6r f\u00f6r boken ( och f\u00f6rlaget ) eftersom jag blivit ber\u00f6rd av bilden av de b\u00e5da vid stigen.<\/p>\n","protected":false},"excerpt":{"rendered":"<p>Kerstin Ekman \u00e4r medlem i Svenska Akademien precis som Nobelspristagaren Verner von Heidenstam en g\u00e5ng var. N\u00e4r Kerstin Ekman f\u00f6r n\u00e5gra \u00e5r sedan bes\u00f6kte Heidenstams \u00d6vralid med utsikt \u00f6ver V\u00e4ttern tr\u00e4ffade hon id\u00e9historikern Gunnar Eriksson. De b\u00e5da gick tillsammans i en grupp som f\u00f6ljde en naturstig kring \u00d6vralid och paret hamnade snart p\u00e5 efterk\u00e4lken. De&#8230;<\/p>\n","protected":false},"author":2,"featured_media":0,"comment_status":"open","ping_status":"closed","sticky":false,"template":"","format":"standard","meta":[],"categories":[10],"tags":[],"_links":{"self":[{"href":"https:\/\/storytellers.se\/index.php?rest_route=\/wp\/v2\/posts\/2954"}],"collection":[{"href":"https:\/\/storytellers.se\/index.php?rest_route=\/wp\/v2\/posts"}],"about":[{"href":"https:\/\/storytellers.se\/index.php?rest_route=\/wp\/v2\/types\/post"}],"author":[{"embeddable":true,"href":"https:\/\/storytellers.se\/index.php?rest_route=\/wp\/v2\/users\/2"}],"replies":[{"embeddable":true,"href":"https:\/\/storytellers.se\/index.php?rest_route=%2Fwp%2Fv2%2Fcomments&post=2954"}],"version-history":[{"count":0,"href":"https:\/\/storytellers.se\/index.php?rest_route=\/wp\/v2\/posts\/2954\/revisions"}],"wp:attachment":[{"href":"https:\/\/storytellers.se\/index.php?rest_route=%2Fwp%2Fv2%2Fmedia&parent=2954"}],"wp:term":[{"taxonomy":"category","embeddable":true,"href":"https:\/\/storytellers.se\/index.php?rest_route=%2Fwp%2Fv2%2Fcategories&post=2954"},{"taxonomy":"post_tag","embeddable":true,"href":"https:\/\/storytellers.se\/index.php?rest_route=%2Fwp%2Fv2%2Ftags&post=2954"}],"curies":[{"name":"wp","href":"https:\/\/api.w.org\/{rel}","templated":true}]}}