{"id":2948,"date":"2011-03-24T12:57:12","date_gmt":"2011-03-24T11:57:12","guid":{"rendered":"http:\/\/heijbel.wordpress.com\/2011\/03\/24\/timra-och-foretagandet"},"modified":"2011-03-24T12:57:12","modified_gmt":"2011-03-24T11:57:12","slug":"timra-och-foretagandet","status":"publish","type":"post","link":"https:\/\/storytellers.se\/?p=2948","title":{"rendered":"Timr\u00e5 och f\u00f6retagandet"},"content":{"rendered":"<p>I g\u00e5r hade jag en heldag med f\u00f6retagare i <em>Timr\u00e5<\/em>. Vi tr\u00e4ffades i Entrepren\u00f6r Timr\u00e5s lokaler. Min roll \u00e4r att synligg\u00f6ra behovet av ber\u00e4ttelser som, i Timr\u00e5s fall, bekr\u00e4ftar n\u00e4rheten, n\u00e4tverkandet, lokalsamh\u00e4llets smidighet, gymnasieskolans n\u00e4rhet till n\u00e4ringslivet och s\u00e5 vidare. Helt enkelt visa varf\u00f6r Timr\u00e5 f\u00f6rtj\u00e4nar en s\u00e5 stark position bland Norrlandskommunerna n\u00e4r det g\u00e4ller f\u00f6retagsklimat.<br \/>\nProjekt E-l\u00e4n \u2013 bra f\u00f6retagsklimat arrangerade under ledning av <strong>H\u00e5kan Str\u00f6mqvist<\/strong> och <strong>Linda Leiderud<\/strong> fr\u00e5n N\u00e4ringslivskontoret.<\/p>\n","protected":false},"excerpt":{"rendered":"<p>I g\u00e5r hade jag en heldag med f\u00f6retagare i Timr\u00e5. Vi tr\u00e4ffades i Entrepren\u00f6r Timr\u00e5s lokaler. Min roll \u00e4r att synligg\u00f6ra behovet av ber\u00e4ttelser som, i Timr\u00e5s fall, bekr\u00e4ftar n\u00e4rheten, n\u00e4tverkandet, lokalsamh\u00e4llets smidighet, gymnasieskolans n\u00e4rhet till n\u00e4ringslivet och s\u00e5 vidare. Helt enkelt visa varf\u00f6r Timr\u00e5 f\u00f6rtj\u00e4nar en s\u00e5 stark position bland Norrlandskommunerna n\u00e4r det g\u00e4ller&#8230;<\/p>\n","protected":false},"author":2,"featured_media":0,"comment_status":"open","ping_status":"closed","sticky":false,"template":"","format":"standard","meta":[],"categories":[13],"tags":[],"_links":{"self":[{"href":"https:\/\/storytellers.se\/index.php?rest_route=\/wp\/v2\/posts\/2948"}],"collection":[{"href":"https:\/\/storytellers.se\/index.php?rest_route=\/wp\/v2\/posts"}],"about":[{"href":"https:\/\/storytellers.se\/index.php?rest_route=\/wp\/v2\/types\/post"}],"author":[{"embeddable":true,"href":"https:\/\/storytellers.se\/index.php?rest_route=\/wp\/v2\/users\/2"}],"replies":[{"embeddable":true,"href":"https:\/\/storytellers.se\/index.php?rest_route=%2Fwp%2Fv2%2Fcomments&post=2948"}],"version-history":[{"count":0,"href":"https:\/\/storytellers.se\/index.php?rest_route=\/wp\/v2\/posts\/2948\/revisions"}],"wp:attachment":[{"href":"https:\/\/storytellers.se\/index.php?rest_route=%2Fwp%2Fv2%2Fmedia&parent=2948"}],"wp:term":[{"taxonomy":"category","embeddable":true,"href":"https:\/\/storytellers.se\/index.php?rest_route=%2Fwp%2Fv2%2Fcategories&post=2948"},{"taxonomy":"post_tag","embeddable":true,"href":"https:\/\/storytellers.se\/index.php?rest_route=%2Fwp%2Fv2%2Ftags&post=2948"}],"curies":[{"name":"wp","href":"https:\/\/api.w.org\/{rel}","templated":true}]}}