{"id":2942,"date":"2011-03-14T13:07:15","date_gmt":"2011-03-14T12:07:15","guid":{"rendered":"http:\/\/heijbel.wordpress.com\/2011\/03\/14\/storytelling-i-jobbsokeri"},"modified":"2011-03-14T13:07:15","modified_gmt":"2011-03-14T12:07:15","slug":"storytelling-i-jobbsokeri","status":"publish","type":"post","link":"https:\/\/storytellers.se\/?p=2942","title":{"rendered":"Storytelling i jobbs\u00f6keri"},"content":{"rendered":"<p>Jag \u00e4r intervjuad av <strong>Per Strandberg<\/strong> i nr 11\/2011 av tidningen <strong><em>Platsjournalen<\/em><\/strong> som ges ut av Arbetsf\u00f6rmedlingen. D\u00e4r st\u00e5r bland annat detta aprop\u00e5 att s\u00f6ka jobb:<br \/>\n<em>\u2014 B\u00e4sta storyn vinner, s\u00e4ger Matts Heijbel. Sj\u00e4lvklart ska du ha ordning p\u00e5 ditt cv men det \u00e4r inte p\u00e5 grund av det du f\u00e5r jobbet. L\u00e4gg lite funderingar p\u00e5 varf\u00f6r du s\u00f6ker ett visst jobb. Vad \u00e4r det som gjort dig intresserad? Kanske har jobbet en koppling till n\u00e5got som har h\u00e4nt i ditt liv som har gjort dig sugen p\u00e5 arbetsuppgifterna. Leta efter ber\u00e4ttelser ur ditt liv som visar att du kan ing\u00e5 i ett visst sammanhang i just denna organisation<\/em>.<br \/>\nHela artikeln hittar du <a href=\"http:\/\/www.arbetsformedlingen.se\/For-arbetssokande\/Stod-och-service\/Platsjournalen\/Platsjournalen-textarkiv\/Den-basta-storyn-vinner---Platsjournalen-nr-11-2011.html\"><em><strong>h\u00e4r<\/strong><\/em><\/a>.<\/p>\n","protected":false},"excerpt":{"rendered":"<p>Jag \u00e4r intervjuad av Per Strandberg i nr 11\/2011 av tidningen Platsjournalen som ges ut av Arbetsf\u00f6rmedlingen. D\u00e4r st\u00e5r bland annat detta aprop\u00e5 att s\u00f6ka jobb: \u2014 B\u00e4sta storyn vinner, s\u00e4ger Matts Heijbel. Sj\u00e4lvklart ska du ha ordning p\u00e5 ditt cv men det \u00e4r inte p\u00e5 grund av det du f\u00e5r jobbet. L\u00e4gg lite funderingar&#8230;<\/p>\n","protected":false},"author":2,"featured_media":0,"comment_status":"open","ping_status":"closed","sticky":false,"template":"","format":"standard","meta":[],"categories":[3],"tags":[],"_links":{"self":[{"href":"https:\/\/storytellers.se\/index.php?rest_route=\/wp\/v2\/posts\/2942"}],"collection":[{"href":"https:\/\/storytellers.se\/index.php?rest_route=\/wp\/v2\/posts"}],"about":[{"href":"https:\/\/storytellers.se\/index.php?rest_route=\/wp\/v2\/types\/post"}],"author":[{"embeddable":true,"href":"https:\/\/storytellers.se\/index.php?rest_route=\/wp\/v2\/users\/2"}],"replies":[{"embeddable":true,"href":"https:\/\/storytellers.se\/index.php?rest_route=%2Fwp%2Fv2%2Fcomments&post=2942"}],"version-history":[{"count":0,"href":"https:\/\/storytellers.se\/index.php?rest_route=\/wp\/v2\/posts\/2942\/revisions"}],"wp:attachment":[{"href":"https:\/\/storytellers.se\/index.php?rest_route=%2Fwp%2Fv2%2Fmedia&parent=2942"}],"wp:term":[{"taxonomy":"category","embeddable":true,"href":"https:\/\/storytellers.se\/index.php?rest_route=%2Fwp%2Fv2%2Fcategories&post=2942"},{"taxonomy":"post_tag","embeddable":true,"href":"https:\/\/storytellers.se\/index.php?rest_route=%2Fwp%2Fv2%2Ftags&post=2942"}],"curies":[{"name":"wp","href":"https:\/\/api.w.org\/{rel}","templated":true}]}}