{"id":2940,"date":"2011-03-09T12:20:28","date_gmt":"2011-03-09T11:20:28","guid":{"rendered":"http:\/\/heijbel.wordpress.com\/2011\/03\/09\/elaine-snackar-snyggt"},"modified":"2011-03-09T12:20:28","modified_gmt":"2011-03-09T11:20:28","slug":"elaine-snackar-snyggt","status":"publish","type":"post","link":"https:\/\/storytellers.se\/?p=2940","title":{"rendered":"Elaine snackar snyggt"},"content":{"rendered":"<p><strong>Snacka-Snyggt-Elaine-Bergqvist<\/strong>, den unga retorikern, har <a href=\"http:\/\/www.snackasnyggt.se\/blog\/?p=2954\"><em><strong>n\u00e5gra v\u00e4nliga ord<\/strong><\/em><\/a> till \u00f6vers. Skaffa en ber\u00e4ttelsebank, skriver hon ocks\u00e5 och avrundar med att jag rockar&#8230; Det \u00e4r v\u00e4l bara att slicka i sig. Inte varje dag jag f\u00e5r h\u00f6ra att man rockar!<\/p>\n","protected":false},"excerpt":{"rendered":"<p>Snacka-Snyggt-Elaine-Bergqvist, den unga retorikern, har n\u00e5gra v\u00e4nliga ord till \u00f6vers. Skaffa en ber\u00e4ttelsebank, skriver hon ocks\u00e5 och avrundar med att jag rockar&#8230; Det \u00e4r v\u00e4l bara att slicka i sig. Inte varje dag jag f\u00e5r h\u00f6ra att man rockar!<\/p>\n","protected":false},"author":2,"featured_media":0,"comment_status":"open","ping_status":"closed","sticky":false,"template":"","format":"standard","meta":[],"categories":[2],"tags":[],"_links":{"self":[{"href":"https:\/\/storytellers.se\/index.php?rest_route=\/wp\/v2\/posts\/2940"}],"collection":[{"href":"https:\/\/storytellers.se\/index.php?rest_route=\/wp\/v2\/posts"}],"about":[{"href":"https:\/\/storytellers.se\/index.php?rest_route=\/wp\/v2\/types\/post"}],"author":[{"embeddable":true,"href":"https:\/\/storytellers.se\/index.php?rest_route=\/wp\/v2\/users\/2"}],"replies":[{"embeddable":true,"href":"https:\/\/storytellers.se\/index.php?rest_route=%2Fwp%2Fv2%2Fcomments&post=2940"}],"version-history":[{"count":0,"href":"https:\/\/storytellers.se\/index.php?rest_route=\/wp\/v2\/posts\/2940\/revisions"}],"wp:attachment":[{"href":"https:\/\/storytellers.se\/index.php?rest_route=%2Fwp%2Fv2%2Fmedia&parent=2940"}],"wp:term":[{"taxonomy":"category","embeddable":true,"href":"https:\/\/storytellers.se\/index.php?rest_route=%2Fwp%2Fv2%2Fcategories&post=2940"},{"taxonomy":"post_tag","embeddable":true,"href":"https:\/\/storytellers.se\/index.php?rest_route=%2Fwp%2Fv2%2Ftags&post=2940"}],"curies":[{"name":"wp","href":"https:\/\/api.w.org\/{rel}","templated":true}]}}