{"id":2932,"date":"2011-02-24T12:53:58","date_gmt":"2011-02-24T11:53:58","guid":{"rendered":"http:\/\/heijbel.wordpress.com\/2011\/02\/24\/intervjuad-i-framsidan"},"modified":"2011-02-24T12:53:58","modified_gmt":"2011-02-24T11:53:58","slug":"intervjuad-i-framsidan","status":"publish","type":"post","link":"https:\/\/storytellers.se\/?p=2932","title":{"rendered":"Intervjuad i Framsidan"},"content":{"rendered":"<p>Jag intervjuades i Kultur i V\u00e4sts magasin <strong><em>Framsidan<\/em><\/strong> som hade ett ber\u00e4ttartema. H\u00e4r \u00e4r en liten del:<br \/>\n<em>Matts Heijbel har en bakgrund som antropolog och etnolog, och drar ibland paralleller mellan de grupper m\u00e4nniskor tillh\u00f6rde f\u00f6rr och idag.<br \/>\n\u2013 F\u00f6retag och organisationer \u00e4r dagens motsvarighet till byar eller stammar. F\u00f6rr hade man ber\u00e4ttelser f\u00f6r att f\u00f6ra vidare v\u00e4rderingar, koder och moral. Det \u00e4r samma sak idag, vi ber\u00e4ttar fortfarande. Att ber\u00e4tta \u00e4r att vara m\u00e4nniska.<\/em><br \/>\n<a href=\"http:\/\/www.framsidan.net\/wp-content\/uploads\/2010\/09\/Framsidan-4-2010.pdf\"><em><strong>H\u00e4r<\/strong><\/em><\/a> finns artikeln, fr\u00e5n sid 24:<\/p>\n","protected":false},"excerpt":{"rendered":"<p>Jag intervjuades i Kultur i V\u00e4sts magasin Framsidan som hade ett ber\u00e4ttartema. H\u00e4r \u00e4r en liten del: Matts Heijbel har en bakgrund som antropolog och etnolog, och drar ibland paralleller mellan de grupper m\u00e4nniskor tillh\u00f6rde f\u00f6rr och idag. \u2013 F\u00f6retag och organisationer \u00e4r dagens motsvarighet till byar eller stammar. F\u00f6rr hade man ber\u00e4ttelser f\u00f6r att&#8230;<\/p>\n","protected":false},"author":2,"featured_media":0,"comment_status":"open","ping_status":"closed","sticky":false,"template":"","format":"standard","meta":[],"categories":[3],"tags":[],"_links":{"self":[{"href":"https:\/\/storytellers.se\/index.php?rest_route=\/wp\/v2\/posts\/2932"}],"collection":[{"href":"https:\/\/storytellers.se\/index.php?rest_route=\/wp\/v2\/posts"}],"about":[{"href":"https:\/\/storytellers.se\/index.php?rest_route=\/wp\/v2\/types\/post"}],"author":[{"embeddable":true,"href":"https:\/\/storytellers.se\/index.php?rest_route=\/wp\/v2\/users\/2"}],"replies":[{"embeddable":true,"href":"https:\/\/storytellers.se\/index.php?rest_route=%2Fwp%2Fv2%2Fcomments&post=2932"}],"version-history":[{"count":0,"href":"https:\/\/storytellers.se\/index.php?rest_route=\/wp\/v2\/posts\/2932\/revisions"}],"wp:attachment":[{"href":"https:\/\/storytellers.se\/index.php?rest_route=%2Fwp%2Fv2%2Fmedia&parent=2932"}],"wp:term":[{"taxonomy":"category","embeddable":true,"href":"https:\/\/storytellers.se\/index.php?rest_route=%2Fwp%2Fv2%2Fcategories&post=2932"},{"taxonomy":"post_tag","embeddable":true,"href":"https:\/\/storytellers.se\/index.php?rest_route=%2Fwp%2Fv2%2Ftags&post=2932"}],"curies":[{"name":"wp","href":"https:\/\/api.w.org\/{rel}","templated":true}]}}