{"id":2928,"date":"2011-02-09T19:37:18","date_gmt":"2011-02-09T18:37:18","guid":{"rendered":"http:\/\/heijbel.wordpress.com\/2011\/02\/09\/kop-min-bok"},"modified":"2011-02-09T19:37:18","modified_gmt":"2011-02-09T18:37:18","slug":"kop-min-bok","status":"publish","type":"post","link":"https:\/\/storytellers.se\/?p=2928","title":{"rendered":"K\u00f6p min bok"},"content":{"rendered":"<p>Min bok <em>Storytelling befolkar varum\u00e4rket<\/em>, som fick pris i t\u00e4vlingen \u00c5rets Marknadsf\u00f6ringsbok 2010, finns i bokhandeln, b\u00e5de i internetbokhandeln och i den traditionella  bokhandeln.<br \/>\nP\u00e5 <a href=\"http:\/\/www.bokus.com\/bok\/9789197738293\/storytelling-befolkar-varumarket\/\"><em><strong>Bokus<\/strong><\/em><\/a> och p\u00e5 <a href=\"http:\/\/www.adlibris.com\/se\/product.aspx?isbn=9197738298\"><em><strong>Adlibris<\/strong><\/em><\/a> kan du k\u00f6pa boken.<\/p>\n","protected":false},"excerpt":{"rendered":"<p>Min bok Storytelling befolkar varum\u00e4rket, som fick pris i t\u00e4vlingen \u00c5rets Marknadsf\u00f6ringsbok 2010, finns i bokhandeln, b\u00e5de i internetbokhandeln och i den traditionella bokhandeln. P\u00e5 Bokus och p\u00e5 Adlibris kan du k\u00f6pa boken.<\/p>\n","protected":false},"author":2,"featured_media":0,"comment_status":"open","ping_status":"closed","sticky":false,"template":"","format":"standard","meta":[],"categories":[2],"tags":[],"_links":{"self":[{"href":"https:\/\/storytellers.se\/index.php?rest_route=\/wp\/v2\/posts\/2928"}],"collection":[{"href":"https:\/\/storytellers.se\/index.php?rest_route=\/wp\/v2\/posts"}],"about":[{"href":"https:\/\/storytellers.se\/index.php?rest_route=\/wp\/v2\/types\/post"}],"author":[{"embeddable":true,"href":"https:\/\/storytellers.se\/index.php?rest_route=\/wp\/v2\/users\/2"}],"replies":[{"embeddable":true,"href":"https:\/\/storytellers.se\/index.php?rest_route=%2Fwp%2Fv2%2Fcomments&post=2928"}],"version-history":[{"count":0,"href":"https:\/\/storytellers.se\/index.php?rest_route=\/wp\/v2\/posts\/2928\/revisions"}],"wp:attachment":[{"href":"https:\/\/storytellers.se\/index.php?rest_route=%2Fwp%2Fv2%2Fmedia&parent=2928"}],"wp:term":[{"taxonomy":"category","embeddable":true,"href":"https:\/\/storytellers.se\/index.php?rest_route=%2Fwp%2Fv2%2Fcategories&post=2928"},{"taxonomy":"post_tag","embeddable":true,"href":"https:\/\/storytellers.se\/index.php?rest_route=%2Fwp%2Fv2%2Ftags&post=2928"}],"curies":[{"name":"wp","href":"https:\/\/api.w.org\/{rel}","templated":true}]}}