{"id":2918,"date":"2011-01-31T21:25:50","date_gmt":"2011-01-31T20:25:50","guid":{"rendered":"http:\/\/heijbel.wordpress.com\/2011\/01\/31\/storytelling-pa-berghs"},"modified":"2011-01-31T21:25:50","modified_gmt":"2011-01-31T20:25:50","slug":"storytelling-pa-berghs","status":"publish","type":"post","link":"https:\/\/storytellers.se\/?p=2918","title":{"rendered":"Storytelling p\u00e5 Berghs"},"content":{"rendered":"<p>I dag hade jag drygt 20 designstudenter p\u00e5 <strong>Berghs School of Communication<\/strong> p\u00e5 en halvdag med en mindre workshop. Temat var storytellingens m\u00f6jlighet att p\u00e5verka den grafiska designen och hur man kan anv\u00e4nda f\u00f6rpackningar som b\u00e4rare av ber\u00e4ttelser.<\/p>\n","protected":false},"excerpt":{"rendered":"<p>I dag hade jag drygt 20 designstudenter p\u00e5 Berghs School of Communication p\u00e5 en halvdag med en mindre workshop. Temat var storytellingens m\u00f6jlighet att p\u00e5verka den grafiska designen och hur man kan anv\u00e4nda f\u00f6rpackningar som b\u00e4rare av ber\u00e4ttelser.<\/p>\n","protected":false},"author":2,"featured_media":0,"comment_status":"open","ping_status":"closed","sticky":false,"template":"","format":"standard","meta":[],"categories":[7],"tags":[],"_links":{"self":[{"href":"https:\/\/storytellers.se\/index.php?rest_route=\/wp\/v2\/posts\/2918"}],"collection":[{"href":"https:\/\/storytellers.se\/index.php?rest_route=\/wp\/v2\/posts"}],"about":[{"href":"https:\/\/storytellers.se\/index.php?rest_route=\/wp\/v2\/types\/post"}],"author":[{"embeddable":true,"href":"https:\/\/storytellers.se\/index.php?rest_route=\/wp\/v2\/users\/2"}],"replies":[{"embeddable":true,"href":"https:\/\/storytellers.se\/index.php?rest_route=%2Fwp%2Fv2%2Fcomments&post=2918"}],"version-history":[{"count":0,"href":"https:\/\/storytellers.se\/index.php?rest_route=\/wp\/v2\/posts\/2918\/revisions"}],"wp:attachment":[{"href":"https:\/\/storytellers.se\/index.php?rest_route=%2Fwp%2Fv2%2Fmedia&parent=2918"}],"wp:term":[{"taxonomy":"category","embeddable":true,"href":"https:\/\/storytellers.se\/index.php?rest_route=%2Fwp%2Fv2%2Fcategories&post=2918"},{"taxonomy":"post_tag","embeddable":true,"href":"https:\/\/storytellers.se\/index.php?rest_route=%2Fwp%2Fv2%2Ftags&post=2918"}],"curies":[{"name":"wp","href":"https:\/\/api.w.org\/{rel}","templated":true}]}}