{"id":2916,"date":"2011-01-27T22:17:39","date_gmt":"2011-01-27T21:17:39","guid":{"rendered":"http:\/\/heijbel.wordpress.com\/2011\/01\/27\/osterlen-berattar"},"modified":"2011-01-27T22:17:39","modified_gmt":"2011-01-27T21:17:39","slug":"osterlen-berattar","status":"publish","type":"post","link":"https:\/\/storytellers.se\/?p=2916","title":{"rendered":"\u00d6sterlen ber\u00e4ttar"},"content":{"rendered":"<p>I dag tr\u00e4ffade jag en rad ber\u00e4ttare p\u00e5 <em>\u00d6sterlen<\/em> och ytterligare ett 20-tal personer fr\u00e5n Simrishamnstrakten f\u00f6r att tala om ber\u00e4ttandet i f\u00f6retag och organisationer. F\u00f6retagare och kommunala tj\u00e4nstem\u00e4n fr\u00e5n \u00d6sterlen hade kommit till Mus\u00e9et i Simrishamn f\u00f6r att lyssna p\u00e5 mina Corporate storytellingperspektiv och f\u00f6r att diskutera vad detta ang\u00e5r dem och deras bygd.<br \/>\nDet g\u00e4ller, h\u00e4vdade jag som vanligt, att g\u00e5 fr\u00e5n abstrakta intellektualiseringar till vardagliga ber\u00e4ttelser om riktiga m\u00e4nniskor som varit med om verkliga h\u00e4ndelser som visar meningen med att en verksamhet finns. Det g\u00e4ller, med andra ord, <a href=\"http:\/\/www.adlibris.com\/se\/product.aspx?isbn=9197738298\"><em>att befolka varum\u00e4rket<\/em><\/a> menade jag som vanligt.<\/p>\n","protected":false},"excerpt":{"rendered":"<p>I dag tr\u00e4ffade jag en rad ber\u00e4ttare p\u00e5 \u00d6sterlen och ytterligare ett 20-tal personer fr\u00e5n Simrishamnstrakten f\u00f6r att tala om ber\u00e4ttandet i f\u00f6retag och organisationer. F\u00f6retagare och kommunala tj\u00e4nstem\u00e4n fr\u00e5n \u00d6sterlen hade kommit till Mus\u00e9et i Simrishamn f\u00f6r att lyssna p\u00e5 mina Corporate storytellingperspektiv och f\u00f6r att diskutera vad detta ang\u00e5r dem och deras bygd&#8230;.<\/p>\n","protected":false},"author":2,"featured_media":0,"comment_status":"open","ping_status":"closed","sticky":false,"template":"","format":"standard","meta":[],"categories":[7],"tags":[],"_links":{"self":[{"href":"https:\/\/storytellers.se\/index.php?rest_route=\/wp\/v2\/posts\/2916"}],"collection":[{"href":"https:\/\/storytellers.se\/index.php?rest_route=\/wp\/v2\/posts"}],"about":[{"href":"https:\/\/storytellers.se\/index.php?rest_route=\/wp\/v2\/types\/post"}],"author":[{"embeddable":true,"href":"https:\/\/storytellers.se\/index.php?rest_route=\/wp\/v2\/users\/2"}],"replies":[{"embeddable":true,"href":"https:\/\/storytellers.se\/index.php?rest_route=%2Fwp%2Fv2%2Fcomments&post=2916"}],"version-history":[{"count":0,"href":"https:\/\/storytellers.se\/index.php?rest_route=\/wp\/v2\/posts\/2916\/revisions"}],"wp:attachment":[{"href":"https:\/\/storytellers.se\/index.php?rest_route=%2Fwp%2Fv2%2Fmedia&parent=2916"}],"wp:term":[{"taxonomy":"category","embeddable":true,"href":"https:\/\/storytellers.se\/index.php?rest_route=%2Fwp%2Fv2%2Fcategories&post=2916"},{"taxonomy":"post_tag","embeddable":true,"href":"https:\/\/storytellers.se\/index.php?rest_route=%2Fwp%2Fv2%2Ftags&post=2916"}],"curies":[{"name":"wp","href":"https:\/\/api.w.org\/{rel}","templated":true}]}}