{"id":2914,"date":"2011-01-24T14:45:05","date_gmt":"2011-01-24T13:45:05","guid":{"rendered":"http:\/\/heijbel.wordpress.com\/2011\/01\/24\/vems-berattelse"},"modified":"2011-01-24T14:45:05","modified_gmt":"2011-01-24T13:45:05","slug":"vems-berattelse","status":"publish","type":"post","link":"https:\/\/storytellers.se\/?p=2914","title":{"rendered":"Vems ber\u00e4ttelse?"},"content":{"rendered":"<p>Jag f\u00e5r ibland fr\u00e5gan om Storytelling alltid m\u00e5ste hylla f\u00f6retaget och arbetsgivaren. Jag har tr\u00e4ffat fackliga f\u00f6retr\u00e4dare fr\u00e5n \u00c4lmhult som s\u00e4ger sig vara tr\u00f6tta p\u00e5 det de kallar <em>Kampradfj\u00e4sket<\/em>. Jag har h\u00f6rt ungdomspolitiker vara emot Storytelling f\u00f6r att den, enligt dem, alltid f\u00f6rsk\u00f6nar arbetsgivaren. S\u00e5 beh\u00f6ver det f\u00f6rst\u00e5s inte vara. Ber\u00e4ttandet \u00e4r i sig v\u00e4rdeneutralt och b\u00e4sta storyn vinner.<br \/>\nNu har jag en bok i min hand fylld med ber\u00e4ttelser&#8230;<\/p>\n<p><!--more--><br \/>\n&#8230;fr\u00e5n arbetsplatser utgivna av fackliga aktivister i urval och redigering av <strong>Frances Tuuloskorp<\/strong>i. Boken heter <em><strong>Hopsnackat<\/strong><\/em> och best\u00e5r av anonyma ber\u00e4ttelser i form av rapporter fr\u00e5n verkligheten som Tuuloskorpi hoppas ska stimulera andra att ta efter.<br \/>\n<em>Unisona gubbar<\/em> heter ber\u00e4ttelsen om hur mobilsamtalen ringde in 70 procent av sopbilarna fr\u00e5n hela Stockholm till ett av sopf\u00f6retagets huvudkontor n\u00e4r sopf\u00f6retagen trixade med l\u00f6neavtalen f\u00f6r att skilja p\u00e5 fastanst\u00e4llda och nyanst\u00e4llda och extrafolk.<br \/>\n&#8221; <em>Gubbarna klev ur bilarna och gick och tog ett snack med cheferna d\u00e4r inne. Cheferna blir j\u00e4vligt spaka n\u00e4r alla kommer in unisont.Och de h\u00e4r chefrna har verkligen anledning att vara spaka och skraja, f\u00f6r de har lurat folk p\u00e5 pengar i 8 \u00e5r.<\/em>&#8221;<br \/>\n(&#8230;)<br \/>\n&#8221; <em>Sen kom Transport och tog en f\u00f6rhandling och sen var det klart: Alla ska f\u00e5 l\u00f6n enligt v\u00e5rt avtal, inte bara de fast anst\u00e4llda<\/em>.&#8221;<br \/>\nStorytelling \u00e4r ett s\u00e4tt att anv\u00e4nda ber\u00e4ttelser om h\u00e4ndelser f\u00f6r att visa v\u00e4rderingar och f\u00f6r att bygga en gemensam kultur. Sj\u00e4lvklart kan det ocks\u00e5 anv\u00e4ndas i fackligt och politiskt arbete.<br \/>\nDet sl\u00e5r mig att den n\u00e4stan religi\u00f6sa hyllningen av Apple och Steve Jobs nu allt mer utmanas av ber\u00e4ttelser om Apples slutna f\u00f6retagsfilosofi och n\u00e4r Apple blir \u00f6verdomare i vad som f\u00e5r s\u00e4gas och visas inom Appleteknologins appar.<br \/>\nHur var det nu med lagar och lagstiftare? \u00c4r det Apple och Google och deras v\u00e4rderingar som best\u00e4mmer vad vi f\u00e5r visa eller s\u00e4ga? Eller \u00e4r det regering och riksdag?<br \/>\nSj\u00e4lv arbetar jag med ber\u00e4ttelser i privat n\u00e4ringsliv, offentlig sektor, frivilligorganisationer och olika typer av politiskt, fackligt och religi\u00f6st baserade v\u00e4rderingsorganisationer.<br \/>\nAlla beh\u00f6ver de ta tag i sitt ber\u00e4ttarkapital f\u00f6r att synas och f\u00f6r att g\u00f6ra sin organisations samtid och framtid synlig &#8211; och m\u00f6jlig.<\/p>\n","protected":false},"excerpt":{"rendered":"<p>Jag f\u00e5r ibland fr\u00e5gan om Storytelling alltid m\u00e5ste hylla f\u00f6retaget och arbetsgivaren. Jag har tr\u00e4ffat fackliga f\u00f6retr\u00e4dare fr\u00e5n \u00c4lmhult som s\u00e4ger sig vara tr\u00f6tta p\u00e5 det de kallar Kampradfj\u00e4sket. Jag har h\u00f6rt ungdomspolitiker vara emot Storytelling f\u00f6r att den, enligt dem, alltid f\u00f6rsk\u00f6nar arbetsgivaren. S\u00e5 beh\u00f6ver det f\u00f6rst\u00e5s inte vara. Ber\u00e4ttandet \u00e4r i sig v\u00e4rdeneutralt&#8230;<\/p>\n","protected":false},"author":2,"featured_media":0,"comment_status":"open","ping_status":"closed","sticky":false,"template":"","format":"standard","meta":[],"categories":[2],"tags":[],"_links":{"self":[{"href":"https:\/\/storytellers.se\/index.php?rest_route=\/wp\/v2\/posts\/2914"}],"collection":[{"href":"https:\/\/storytellers.se\/index.php?rest_route=\/wp\/v2\/posts"}],"about":[{"href":"https:\/\/storytellers.se\/index.php?rest_route=\/wp\/v2\/types\/post"}],"author":[{"embeddable":true,"href":"https:\/\/storytellers.se\/index.php?rest_route=\/wp\/v2\/users\/2"}],"replies":[{"embeddable":true,"href":"https:\/\/storytellers.se\/index.php?rest_route=%2Fwp%2Fv2%2Fcomments&post=2914"}],"version-history":[{"count":0,"href":"https:\/\/storytellers.se\/index.php?rest_route=\/wp\/v2\/posts\/2914\/revisions"}],"wp:attachment":[{"href":"https:\/\/storytellers.se\/index.php?rest_route=%2Fwp%2Fv2%2Fmedia&parent=2914"}],"wp:term":[{"taxonomy":"category","embeddable":true,"href":"https:\/\/storytellers.se\/index.php?rest_route=%2Fwp%2Fv2%2Fcategories&post=2914"},{"taxonomy":"post_tag","embeddable":true,"href":"https:\/\/storytellers.se\/index.php?rest_route=%2Fwp%2Fv2%2Ftags&post=2914"}],"curies":[{"name":"wp","href":"https:\/\/api.w.org\/{rel}","templated":true}]}}