{"id":2912,"date":"2011-01-20T14:26:22","date_gmt":"2011-01-20T13:26:22","guid":{"rendered":"http:\/\/heijbel.wordpress.com\/2011\/01\/20\/min-bok-oversatts"},"modified":"2011-01-20T14:26:22","modified_gmt":"2011-01-20T13:26:22","slug":"min-bok-oversatts","status":"publish","type":"post","link":"https:\/\/storytellers.se\/?p=2912","title":{"rendered":"Min bok \u00f6vers\u00e4tts"},"content":{"rendered":"<p>Min bok <strong>Storytelling befolkar varum\u00e4rket<\/strong> finns att k\u00f6pa hos alla v\u00e4lsorterade bokhandlare. L\u00e4ttast \u00e4r det kanske att best\u00e4lla den via n\u00e4tet hos Bokus eller <a href=\"http:\/\/www.adlibris.com\/se\/product.aspx?isbn=9197738298\"><em>Adlibris<\/em><\/a>. Den skickas inom n\u00e5gra dagar och p\u00e5 n\u00e4tet kan du ocks\u00e5 v\u00e4lja att provl\u00e4sa ur den direkt.<br \/>\nM\u00e5nga f\u00f6retag och organisationer ber mig komma och h\u00e5lla seminarier. Sedan vill de forts\u00e4tta sj\u00e4lva genom att k\u00f6pa b\u00f6cker till exempelvis cheferna. Den har ju r\u00e4tt mycket handbokskarakt\u00e4r. Vid st\u00f6rre k\u00f6p kan man v\u00e4nda sig direkt till f\u00f6rlaget <a href=\"http:\/\/www.blue.se\/bok.php?id=107\"><em>Blue Publishing<\/em><\/a>.<br \/>\nBoken ska nu \u00f6vers\u00e4ttas till estniska i samband med en stor kommunikationskonferens i v\u00e5r. Sedan ska den komma i en engelsk version eftersom det finns en stor efterfr\u00e5gan b\u00e5de fr\u00e5n f\u00f6retag med engelska som koncernspr\u00e5k och ett allm\u00e4nt internationellt intresse f\u00f6r de svenska perspektiv p\u00e5 Corporate Storytelling som jag utvecklat med mitt kommersialiserade antropoliska t\u00e4nkande.<br \/>\nBer\u00e4ttelserna om Ikea och H&amp;M ger ocks\u00e5 Storytelling och Sverige en viss aura.<\/p>\n","protected":false},"excerpt":{"rendered":"<p>Min bok Storytelling befolkar varum\u00e4rket finns att k\u00f6pa hos alla v\u00e4lsorterade bokhandlare. L\u00e4ttast \u00e4r det kanske att best\u00e4lla den via n\u00e4tet hos Bokus eller Adlibris. Den skickas inom n\u00e5gra dagar och p\u00e5 n\u00e4tet kan du ocks\u00e5 v\u00e4lja att provl\u00e4sa ur den direkt. M\u00e5nga f\u00f6retag och organisationer ber mig komma och h\u00e5lla seminarier. Sedan vill de&#8230;<\/p>\n","protected":false},"author":2,"featured_media":0,"comment_status":"open","ping_status":"closed","sticky":false,"template":"","format":"standard","meta":[],"categories":[3],"tags":[],"_links":{"self":[{"href":"https:\/\/storytellers.se\/index.php?rest_route=\/wp\/v2\/posts\/2912"}],"collection":[{"href":"https:\/\/storytellers.se\/index.php?rest_route=\/wp\/v2\/posts"}],"about":[{"href":"https:\/\/storytellers.se\/index.php?rest_route=\/wp\/v2\/types\/post"}],"author":[{"embeddable":true,"href":"https:\/\/storytellers.se\/index.php?rest_route=\/wp\/v2\/users\/2"}],"replies":[{"embeddable":true,"href":"https:\/\/storytellers.se\/index.php?rest_route=%2Fwp%2Fv2%2Fcomments&post=2912"}],"version-history":[{"count":0,"href":"https:\/\/storytellers.se\/index.php?rest_route=\/wp\/v2\/posts\/2912\/revisions"}],"wp:attachment":[{"href":"https:\/\/storytellers.se\/index.php?rest_route=%2Fwp%2Fv2%2Fmedia&parent=2912"}],"wp:term":[{"taxonomy":"category","embeddable":true,"href":"https:\/\/storytellers.se\/index.php?rest_route=%2Fwp%2Fv2%2Fcategories&post=2912"},{"taxonomy":"post_tag","embeddable":true,"href":"https:\/\/storytellers.se\/index.php?rest_route=%2Fwp%2Fv2%2Ftags&post=2912"}],"curies":[{"name":"wp","href":"https:\/\/api.w.org\/{rel}","templated":true}]}}