{"id":2910,"date":"2011-01-20T11:31:17","date_gmt":"2011-01-20T10:31:17","guid":{"rendered":"http:\/\/heijbel.wordpress.com\/2011\/01\/20\/landshovdingar-och-gdar"},"modified":"2011-01-20T11:31:17","modified_gmt":"2011-01-20T10:31:17","slug":"landshovdingar-och-gdar","status":"publish","type":"post","link":"https:\/\/storytellers.se\/?p=2910","title":{"rendered":"Landsh\u00f6vdingar och GD:ar"},"content":{"rendered":"<p>H\u00e4romdagen hade jag ett Storytellingseminarium f\u00f6r ett tiotal landsh\u00f6vdingar och GD:ar p\u00e5 ett ledarskapsseminarium f\u00f6r myndighetschefer. Jag talade om v\u00e4rdet att ladda \u00e4ven myndighetsvarum\u00e4rken med ber\u00e4ttelser som g\u00f6r att allm\u00e4nheten f\u00f6rst\u00e5r meningen med att dessa institutioner finns och att man, med hj\u00e4lp av Storytelling, ocks\u00e5 kan bygga in n\u00e5gon slags k\u00e4nsla f\u00f6r staten.<br \/>\nStorytelling kan ocks\u00e5 anv\u00e4ndas av myndigheten vid rekrytering och det inre coachande ledarskapet.<\/p>\n","protected":false},"excerpt":{"rendered":"<p>H\u00e4romdagen hade jag ett Storytellingseminarium f\u00f6r ett tiotal landsh\u00f6vdingar och GD:ar p\u00e5 ett ledarskapsseminarium f\u00f6r myndighetschefer. Jag talade om v\u00e4rdet att ladda \u00e4ven myndighetsvarum\u00e4rken med ber\u00e4ttelser som g\u00f6r att allm\u00e4nheten f\u00f6rst\u00e5r meningen med att dessa institutioner finns och att man, med hj\u00e4lp av Storytelling, ocks\u00e5 kan bygga in n\u00e5gon slags k\u00e4nsla f\u00f6r staten. Storytelling kan&#8230;<\/p>\n","protected":false},"author":2,"featured_media":0,"comment_status":"open","ping_status":"closed","sticky":false,"template":"","format":"standard","meta":[],"categories":[2],"tags":[],"_links":{"self":[{"href":"https:\/\/storytellers.se\/index.php?rest_route=\/wp\/v2\/posts\/2910"}],"collection":[{"href":"https:\/\/storytellers.se\/index.php?rest_route=\/wp\/v2\/posts"}],"about":[{"href":"https:\/\/storytellers.se\/index.php?rest_route=\/wp\/v2\/types\/post"}],"author":[{"embeddable":true,"href":"https:\/\/storytellers.se\/index.php?rest_route=\/wp\/v2\/users\/2"}],"replies":[{"embeddable":true,"href":"https:\/\/storytellers.se\/index.php?rest_route=%2Fwp%2Fv2%2Fcomments&post=2910"}],"version-history":[{"count":0,"href":"https:\/\/storytellers.se\/index.php?rest_route=\/wp\/v2\/posts\/2910\/revisions"}],"wp:attachment":[{"href":"https:\/\/storytellers.se\/index.php?rest_route=%2Fwp%2Fv2%2Fmedia&parent=2910"}],"wp:term":[{"taxonomy":"category","embeddable":true,"href":"https:\/\/storytellers.se\/index.php?rest_route=%2Fwp%2Fv2%2Fcategories&post=2910"},{"taxonomy":"post_tag","embeddable":true,"href":"https:\/\/storytellers.se\/index.php?rest_route=%2Fwp%2Fv2%2Ftags&post=2910"}],"curies":[{"name":"wp","href":"https:\/\/api.w.org\/{rel}","templated":true}]}}