{"id":2906,"date":"2011-01-17T16:04:35","date_gmt":"2011-01-17T15:04:35","guid":{"rendered":"http:\/\/heijbel.wordpress.com\/2011\/01\/17\/berattelsen-sannast"},"modified":"2011-01-17T16:04:35","modified_gmt":"2011-01-17T15:04:35","slug":"berattelsen-sannast","status":"publish","type":"post","link":"https:\/\/storytellers.se\/?p=2906","title":{"rendered":"Ber\u00e4ttelsen sannast"},"content":{"rendered":"<p>Jag har lagt m\u00e4rke till att allt fler inom politiken numera talar om ber\u00e4ttelsen och vad viktigt det \u00e4r att ha en b\u00e4rande ber\u00e4ttelse. Det \u00e4r en trend. Det h\u00e4r gl\u00e4der en erfaren ber\u00e4ttarmission\u00e4r som jag. Alla m\u00e4nskliga sammanslutningar och d\u00e4rmed alla organisationer, oavsett uppdrag, beh\u00f6ver odla sina ber\u00e4ttelser baserade p\u00e5 h\u00e4ndelser som visar meningen med att de finns till. F\u00f6r politiken beh\u00f6vs mentala bilder f\u00f6r att n\u00e5 fram till dem som ska ge sin r\u00f6st till st\u00f6d&#8230;<\/p>\n<p><!--more--><br \/>\nI g\u00e5r skrev <strong>Katrine Kielos<\/strong> om detta p\u00e5 Aftonbladets ledarsida. Hon inledde med utrycket och den retoriska fr\u00e5gan:<br \/>\n<em>Vad \u00e4r mer sant \u00e4n sanningen? Svar: Ber\u00e4ttelsen!<\/em><br \/>\nDet d\u00e4r \u00e4r en lurig retorisk ordlek men inte sv\u00e5r att ta till sig. Ber\u00e4ttelsen sk\u00f6rdad fr\u00e5n verkligheten \u00e4r en sanning som du kan f\u00f6rh\u00e5lla dig till. Du beh\u00f6ver inte n\u00f6dv\u00e4ndigtvis sympatisera med vad som h\u00e4nder i en politisk ber\u00e4ttelse men du kan f\u00f6rh\u00e5lla dig och d\u00e5 uppst\u00e5r en relation p\u00e5 ett annat s\u00e4tt \u00e4n vad som kommer via apeller och pl\u00e4deringar.<br \/>\nSocialdemokratin har, s\u00e5 vitt jag kan se, v\u00e4ldiga problem med detta f\u00f6r n\u00e4rvarande. I den m\u00e5n r\u00f6relsen anv\u00e4nder ber\u00e4ttelser s\u00e5 tycks det mig att de ofta \u00e4r h\u00e4mtade fr\u00e5n det f\u00f6rflutna. Det samma g\u00e4ller f\u00f6r \u00f6vrigt stora delar av de gamla breda folkr\u00f6relserna som har sv\u00e5rt att n\u00e5 fram till dagens unga.<br \/>\nJag har bes\u00f6kt flera olika partier och intresseorganisationer av olika slag genom \u00e5ren. Senast i helgen tr\u00e4ffade jag en grupp SSU:are fr\u00e5n hela landet och vi diskuterade ber\u00e4ttelser och sk\u00f6rdade ber\u00e4ttelser fr\u00e5n deras politiska arbete.<br \/>\nMest gripande f\u00f6r mig var deras personliga ber\u00e4ttelser om varf\u00f6r de blivit politiskt intresserade och varf\u00f6r de valde att g\u00e5 med i SSU.<br \/>\nF\u00f6r mig \u00e4r storytelling ett v\u00e4rdeneutralt verktyg. Det \u00e4r inte sv\u00e5rt f\u00f6r mig att n\u00e4rma mig en politisk eller religi\u00f6s organisation och s\u00f6ka efter deras ber\u00e4ttelser. Ber\u00e4ttelser som befolkar deras varum\u00e4rken och b\u00e4r deras v\u00e4rderingar. B\u00e4sta ber\u00e4ttelsen vinner helt enkelt, eller den ber\u00e4ttelse som flest kan relatera sig till.<br \/>\nJag har h\u00f6rt m\u00e5nga centerpartister tala om sin emotionella partiledare. Hon l\u00e4r vara mycket k\u00e4nslosam n\u00e4r hon \u00e4r p\u00e5 insidan av centerns varum\u00e4rke, n\u00e4r hon tr\u00e4ffar centerr\u00f6relsen. Men detta f\u00e5r vi som ska r\u00f6sta inte se.<br \/>\nDen <strong>Mauden<\/strong> visar inte upp sig inf\u00f6r allm\u00e4nheten. Kanske hade det \u00e4nd\u00e5 funnits en ledig position f\u00f6r en emotionell partiledare \u00e4ven i svensk politik. Varf\u00f6r tog hon inte den?<br \/>\nN\u00e4r jag var med p\u00e5 en konferens nyligen kring spr\u00e5ket s\u00e5 h\u00f6rde jag ledande retorikexperter s\u00e4ga att <strong>Jimmie \u00c5kesson<\/strong> \u00e4r en skicklig retoriker. Sj\u00e4lv har jag lagt m\u00e4rke till att <strong>Fredrik Reinfeldts<\/strong> g\u00e4rna ber\u00e4ttar fr\u00e5n sina resor i Sverige d\u00e4r han faktiskt talat med verkliga m\u00e4nniskor som han g\u00f6r synliga i st\u00e4llet f\u00f6r att dra svepande haranger om att minsann<em> veta hur sjuksk\u00f6terskor eller r\u00f6rmokare har det<\/em>.<br \/>\nPolitiken beh\u00f6ver allts\u00e5 sk\u00f6rda ber\u00e4ttelser som har relevans i dag och som pekar fram\u00e5t. Sen beh\u00f6ver partierna och andra v\u00e4rderingsstyrda organisationer ocks\u00e5 bygga en sammanfl\u00e4tad \u00f6vergripande ber\u00e4ttelse.<br \/>\nL\u00e5t det historiska vara historia. Om man h\u00e4mtar n\u00e5got ur museet s\u00e5 m\u00e5ste det absolut ha resonans ocks\u00e5 i dagens samh\u00e4lle. Annars \u00e4r det ingen st\u00f6rre mening att ber\u00e4tta om historien i dagens politiska retorik.<br \/>\nJag v\u00e4ntar p\u00e5 dessa ber\u00e4ttelser. De m\u00e5ste komma n\u00e5gon g\u00e5ng.<\/p>\n","protected":false},"excerpt":{"rendered":"<p>Jag har lagt m\u00e4rke till att allt fler inom politiken numera talar om ber\u00e4ttelsen och vad viktigt det \u00e4r att ha en b\u00e4rande ber\u00e4ttelse. Det \u00e4r en trend. Det h\u00e4r gl\u00e4der en erfaren ber\u00e4ttarmission\u00e4r som jag. Alla m\u00e4nskliga sammanslutningar och d\u00e4rmed alla organisationer, oavsett uppdrag, beh\u00f6ver odla sina ber\u00e4ttelser baserade p\u00e5 h\u00e4ndelser som visar meningen&#8230;<\/p>\n","protected":false},"author":2,"featured_media":0,"comment_status":"open","ping_status":"closed","sticky":false,"template":"","format":"standard","meta":[],"categories":[2],"tags":[],"_links":{"self":[{"href":"https:\/\/storytellers.se\/index.php?rest_route=\/wp\/v2\/posts\/2906"}],"collection":[{"href":"https:\/\/storytellers.se\/index.php?rest_route=\/wp\/v2\/posts"}],"about":[{"href":"https:\/\/storytellers.se\/index.php?rest_route=\/wp\/v2\/types\/post"}],"author":[{"embeddable":true,"href":"https:\/\/storytellers.se\/index.php?rest_route=\/wp\/v2\/users\/2"}],"replies":[{"embeddable":true,"href":"https:\/\/storytellers.se\/index.php?rest_route=%2Fwp%2Fv2%2Fcomments&post=2906"}],"version-history":[{"count":0,"href":"https:\/\/storytellers.se\/index.php?rest_route=\/wp\/v2\/posts\/2906\/revisions"}],"wp:attachment":[{"href":"https:\/\/storytellers.se\/index.php?rest_route=%2Fwp%2Fv2%2Fmedia&parent=2906"}],"wp:term":[{"taxonomy":"category","embeddable":true,"href":"https:\/\/storytellers.se\/index.php?rest_route=%2Fwp%2Fv2%2Fcategories&post=2906"},{"taxonomy":"post_tag","embeddable":true,"href":"https:\/\/storytellers.se\/index.php?rest_route=%2Fwp%2Fv2%2Ftags&post=2906"}],"curies":[{"name":"wp","href":"https:\/\/api.w.org\/{rel}","templated":true}]}}