{"id":2904,"date":"2010-12-22T15:54:05","date_gmt":"2010-12-22T14:54:05","guid":{"rendered":"http:\/\/heijbel.wordpress.com\/2010\/12\/22\/odla-ditt-varumarke"},"modified":"2010-12-22T15:54:05","modified_gmt":"2010-12-22T14:54:05","slug":"odla-ditt-varumarke","status":"publish","type":"post","link":"https:\/\/storytellers.se\/?p=2904","title":{"rendered":"Odla ditt varum\u00e4rke"},"content":{"rendered":"<p>Jag l\u00e4ste det vackra uttrycket att man ska <em>odla sitt varum\u00e4rke<\/em>, inte mekaniskt bygga det. Uttrycket f\u00e5ngades av <strong>Eric Lindesv\u00e4rd<\/strong> och det st\u00e4mmer v\u00e4l med de relations- och kultiveringsperspektiv aprop\u00e5 Corporate Storytelling s\u00e5 som tankarna behandlas h\u00e4r p\u00e5 storytellers.se<br \/>\nMan odlar och utvecklar en sl\u00e4kt med en blandning av tidiga, aktuella och vision\u00e4ra ber\u00e4ttelser. Det samma g\u00e4ller f\u00f6r organisationer \/ f\u00f6retag \/ tribes. Varum\u00e4rket befolkas &#8211;  precis som sl\u00e4kten &#8211; av m\u00e4nniskor som kommer och g\u00e5r. Som visar kunskap och v\u00e4rderingar och lockar till sig andra.<br \/>\nBer\u00e4tta om h\u00e4ndelser och m\u00f6ten bland alla dessa m\u00e4nniskor. Lyssna p\u00e5 dem vid l\u00e4gereldarna. Sk\u00f6rda de viktigaste ber\u00e4ttelserna och anv\u00e4nd dem i arbetet n\u00e4r ni odlar ert varum\u00e4rke.<br \/>\nSjung s\u00e5ngerna n\u00e4r ni dansar runt er totemp\u00e5le&#8230;.jag menar runt ert varum\u00e4rke!<\/p>\n","protected":false},"excerpt":{"rendered":"<p>Jag l\u00e4ste det vackra uttrycket att man ska odla sitt varum\u00e4rke, inte mekaniskt bygga det. Uttrycket f\u00e5ngades av Eric Lindesv\u00e4rd och det st\u00e4mmer v\u00e4l med de relations- och kultiveringsperspektiv aprop\u00e5 Corporate Storytelling s\u00e5 som tankarna behandlas h\u00e4r p\u00e5 storytellers.se Man odlar och utvecklar en sl\u00e4kt med en blandning av tidiga, aktuella och vision\u00e4ra ber\u00e4ttelser. Det&#8230;<\/p>\n","protected":false},"author":2,"featured_media":0,"comment_status":"open","ping_status":"closed","sticky":false,"template":"","format":"standard","meta":[],"categories":[2],"tags":[],"_links":{"self":[{"href":"https:\/\/storytellers.se\/index.php?rest_route=\/wp\/v2\/posts\/2904"}],"collection":[{"href":"https:\/\/storytellers.se\/index.php?rest_route=\/wp\/v2\/posts"}],"about":[{"href":"https:\/\/storytellers.se\/index.php?rest_route=\/wp\/v2\/types\/post"}],"author":[{"embeddable":true,"href":"https:\/\/storytellers.se\/index.php?rest_route=\/wp\/v2\/users\/2"}],"replies":[{"embeddable":true,"href":"https:\/\/storytellers.se\/index.php?rest_route=%2Fwp%2Fv2%2Fcomments&post=2904"}],"version-history":[{"count":0,"href":"https:\/\/storytellers.se\/index.php?rest_route=\/wp\/v2\/posts\/2904\/revisions"}],"wp:attachment":[{"href":"https:\/\/storytellers.se\/index.php?rest_route=%2Fwp%2Fv2%2Fmedia&parent=2904"}],"wp:term":[{"taxonomy":"category","embeddable":true,"href":"https:\/\/storytellers.se\/index.php?rest_route=%2Fwp%2Fv2%2Fcategories&post=2904"},{"taxonomy":"post_tag","embeddable":true,"href":"https:\/\/storytellers.se\/index.php?rest_route=%2Fwp%2Fv2%2Ftags&post=2904"}],"curies":[{"name":"wp","href":"https:\/\/api.w.org\/{rel}","templated":true}]}}