{"id":2896,"date":"2010-12-13T10:36:30","date_gmt":"2010-12-13T09:36:30","guid":{"rendered":"http:\/\/heijbel.wordpress.com\/2010\/12\/13\/bli-inte-nedtagen"},"modified":"2010-12-13T10:36:30","modified_gmt":"2010-12-13T09:36:30","slug":"bli-inte-nedtagen","status":"publish","type":"post","link":"https:\/\/storytellers.se\/?p=2896","title":{"rendered":"Bli inte nedtagen"},"content":{"rendered":"<p>Jag f\u00f6rel\u00e4ser flera g\u00e5nger i veckan om Corporate Storytelling. Ibland i stora blandade seminariegrupper ibland f\u00f6retags- eller organisationsinternt. N\u00e4r jag har st\u00f6rre grupper d\u00e4r alla kanske inte sj\u00e4lva har valt att vara d\u00e4r kan det finnas n\u00e5gon i gruppen som valt att visa att han eller hon minsann inte t\u00e4nker ta till sig det h\u00e4r. Han eller hon kanske sitter och fingrar p\u00e5 sin Iphone eller&#8230;<\/p>\n<p><!--more--><br \/>\n&#8230;tittar demonstrativt ut genom f\u00f6nstret.<br \/>\nJag t\u00e4nker d\u00e5 att jag inte ska l\u00e5ta mig p\u00e5verkas av den personen. Jag t\u00e4nker i st\u00e4llet att man i storytellingsammanhang ska ber\u00e4tta som om alla verkligen vill ta emot budskapet. S\u00e5 som man talar till en god v\u00e4n.<br \/>\nDet \u00e4r viktigt att t\u00e4nka p\u00e5 det ocks\u00e5 n\u00e4r man f\u00f6rs\u00f6ker bygga upp en ber\u00e4ttande organisation. Ber\u00e4tta bara om h\u00e4ndelser som du tror p\u00e5 och ber\u00f6r dig p\u00e5 n\u00e5got s\u00e4tt och utg\u00e5 fr\u00e5n att lyssnarna \u00e4r \u00f6ppna och positiva till det du s\u00e4ger.<br \/>\nD\u00e5 lever ber\u00e4ttelsen b\u00e4ttre \u00e4n om du blir nedtagen och f\u00f6rs\u00f6ker hantera den eventuella motst\u00e5ndaren i rummet.<br \/>\nDet \u00e4r inte m\u00e5nga som avf\u00e4rdar den emotionella kommunikationen, men de finns.<\/p>\n","protected":false},"excerpt":{"rendered":"<p>Jag f\u00f6rel\u00e4ser flera g\u00e5nger i veckan om Corporate Storytelling. Ibland i stora blandade seminariegrupper ibland f\u00f6retags- eller organisationsinternt. N\u00e4r jag har st\u00f6rre grupper d\u00e4r alla kanske inte sj\u00e4lva har valt att vara d\u00e4r kan det finnas n\u00e5gon i gruppen som valt att visa att han eller hon minsann inte t\u00e4nker ta till sig det h\u00e4r&#8230;.<\/p>\n","protected":false},"author":2,"featured_media":0,"comment_status":"open","ping_status":"closed","sticky":false,"template":"","format":"standard","meta":[],"categories":[2],"tags":[],"_links":{"self":[{"href":"https:\/\/storytellers.se\/index.php?rest_route=\/wp\/v2\/posts\/2896"}],"collection":[{"href":"https:\/\/storytellers.se\/index.php?rest_route=\/wp\/v2\/posts"}],"about":[{"href":"https:\/\/storytellers.se\/index.php?rest_route=\/wp\/v2\/types\/post"}],"author":[{"embeddable":true,"href":"https:\/\/storytellers.se\/index.php?rest_route=\/wp\/v2\/users\/2"}],"replies":[{"embeddable":true,"href":"https:\/\/storytellers.se\/index.php?rest_route=%2Fwp%2Fv2%2Fcomments&post=2896"}],"version-history":[{"count":0,"href":"https:\/\/storytellers.se\/index.php?rest_route=\/wp\/v2\/posts\/2896\/revisions"}],"wp:attachment":[{"href":"https:\/\/storytellers.se\/index.php?rest_route=%2Fwp%2Fv2%2Fmedia&parent=2896"}],"wp:term":[{"taxonomy":"category","embeddable":true,"href":"https:\/\/storytellers.se\/index.php?rest_route=%2Fwp%2Fv2%2Fcategories&post=2896"},{"taxonomy":"post_tag","embeddable":true,"href":"https:\/\/storytellers.se\/index.php?rest_route=%2Fwp%2Fv2%2Ftags&post=2896"}],"curies":[{"name":"wp","href":"https:\/\/api.w.org\/{rel}","templated":true}]}}