{"id":2894,"date":"2010-12-09T12:40:50","date_gmt":"2010-12-09T11:40:50","guid":{"rendered":"http:\/\/heijbel.wordpress.com\/2010\/12\/09\/paverka-snacket-3"},"modified":"2010-12-09T12:40:50","modified_gmt":"2010-12-09T11:40:50","slug":"paverka-snacket-3","status":"publish","type":"post","link":"https:\/\/storytellers.se\/?p=2894","title":{"rendered":"P\u00e5verka snacket"},"content":{"rendered":"<p><em>You get what you give<\/em>, sa vi till varandra p\u00e5 70-talet. Det \u00e4r ju inte s\u00e5 konstigt sagt. Men om vi tar in det i ett Corporate Storytellingperspektiv s\u00e5 kan tanken leda till n\u00e5gra reflektioner:<\/p>\n<p><!--more--><br \/>\n<strong>1. Den som ger en ber\u00e4ttelse f\u00e5r en ber\u00e4ttelse:<\/strong><br \/>\n<em>Detta \u00e4r en del av m\u00e4nniskans natur som du kan iaktta n\u00e4r som helst. Om du p\u00e5 jobbet, i familjen, i kundm\u00f6tena, bland v\u00e4nnerna och var som helst i ett m\u00e4nskligt sammanhang ger en ber\u00e4ttelse s\u00e5 st\u00e5r snart flera p\u00e5 tur att svara med sin ber\u00e4ttelse. Detta \u00e4r en viktig tanke f\u00f6r chefer och ledare som vill visa uppskattning och som dessutom vill f\u00e5 ber\u00e4ttelser f\u00f6r att g\u00e5 vidare i arbetet att bygga en ber\u00e4ttande organisation.<\/em><br \/>\n<strong>2. Det kr\u00e4vs en lyssnare f\u00f6r att bli en ber\u00e4ttare:<\/strong><br \/>\n<em>Detta kan f\u00f6rst\u00e5s lika g\u00e4rna s\u00e4gas som att It takes a listener to be a teller. Hur ska du kunna ber\u00e4tta om du inte f\u00e5r n\u00e5got fr\u00e5n n\u00e5gon som du kan ber\u00e4tta. Och kanske \u00e4n viktigare i Corporate Storytellingsammanhang, vad talar kunderna och brukarna om? Vad fr\u00e5gar de efter? Lyssna och svara med en ber\u00e4ttelse. I omv\u00e4rldsber\u00e4ttelserna finns fr\u00e5gorna som b\u00e4ddar f\u00f6r organisationens ber\u00e4ttelser och dessutom skymtar n\u00e4sta aff\u00e4rsid\u00e9 emellan raderna<\/em>.<br \/>\n<strong>3. P\u00e5verka snacket:<\/strong><br \/>\n<em>Om du vill p\u00e5verka bilden av och snacket om din verksamhet och om du vill addera v\u00e4rden till dina produkter och tj\u00e4nster s\u00e5 f\u00e5r du faktiskt lov att leverera sanna h\u00e4ndelsebaserade ber\u00e4ttelser som visar nyttan och meningen med att verksamheten \u00f6verhuvudtaget beh\u00f6vs. Den som ger sanna emotionella ber\u00e4ttelser har stor m\u00f6jlighet att p\u00e5verka snacket. Det \u00e4r samtidigt sj\u00e4lva bekr\u00e4ftelsen av att detta \u00e4r en ber\u00e4ttande organisation.<\/em><br \/>\nDet \u00e4r ju i slut\u00e4ndan s\u00e5 att det omv\u00e4rlden s\u00e4ger om er verksamhet \u00e4r det som faktiskt bygger bilden. Det g\u00e5r allts\u00e5 inte att diktera den bilden. Hur schysst och ansvarstagande man \u00e4n tycker man \u00e4r s\u00e5 byggs bilden utifr\u00e5n av vad omv\u00e4rlden uppfattar och associerar med ert varum\u00e4rke.<br \/>\nMen min po\u00e4ng \u00e4r att det hindrar \u00e4nd\u00e5 inte att man ska delta, lyssna av, reagera, ber\u00e4tta och ge bilder av verksamheten, varorna och tj\u00e4nsterna. Folk kommer alltid att snacka men du kan f\u00f6rst\u00e5s p\u00e5verka snacket.<\/p>\n","protected":false},"excerpt":{"rendered":"<p>You get what you give, sa vi till varandra p\u00e5 70-talet. Det \u00e4r ju inte s\u00e5 konstigt sagt. Men om vi tar in det i ett Corporate Storytellingperspektiv s\u00e5 kan tanken leda till n\u00e5gra reflektioner:<\/p>\n","protected":false},"author":2,"featured_media":0,"comment_status":"open","ping_status":"closed","sticky":false,"template":"","format":"standard","meta":[],"categories":[2],"tags":[],"_links":{"self":[{"href":"https:\/\/storytellers.se\/index.php?rest_route=\/wp\/v2\/posts\/2894"}],"collection":[{"href":"https:\/\/storytellers.se\/index.php?rest_route=\/wp\/v2\/posts"}],"about":[{"href":"https:\/\/storytellers.se\/index.php?rest_route=\/wp\/v2\/types\/post"}],"author":[{"embeddable":true,"href":"https:\/\/storytellers.se\/index.php?rest_route=\/wp\/v2\/users\/2"}],"replies":[{"embeddable":true,"href":"https:\/\/storytellers.se\/index.php?rest_route=%2Fwp%2Fv2%2Fcomments&post=2894"}],"version-history":[{"count":0,"href":"https:\/\/storytellers.se\/index.php?rest_route=\/wp\/v2\/posts\/2894\/revisions"}],"wp:attachment":[{"href":"https:\/\/storytellers.se\/index.php?rest_route=%2Fwp%2Fv2%2Fmedia&parent=2894"}],"wp:term":[{"taxonomy":"category","embeddable":true,"href":"https:\/\/storytellers.se\/index.php?rest_route=%2Fwp%2Fv2%2Fcategories&post=2894"},{"taxonomy":"post_tag","embeddable":true,"href":"https:\/\/storytellers.se\/index.php?rest_route=%2Fwp%2Fv2%2Ftags&post=2894"}],"curies":[{"name":"wp","href":"https:\/\/api.w.org\/{rel}","templated":true}]}}