{"id":2892,"date":"2010-12-08T17:38:25","date_gmt":"2010-12-08T16:38:25","guid":{"rendered":"http:\/\/heijbel.wordpress.com\/2010\/12\/08\/film-at-saab"},"modified":"2010-12-08T17:38:25","modified_gmt":"2010-12-08T16:38:25","slug":"film-at-saab","status":"publish","type":"post","link":"https:\/\/storytellers.se\/?p=2892","title":{"rendered":"Film \u00e5t Saab"},"content":{"rendered":"<p>D\u00e5 och d\u00e5 vill ett f\u00f6retag eller en organisation ha en skr\u00e4ddarsydd filmad inspirationsf\u00f6rel\u00e4sning av mig ist\u00e4llet f\u00f6r att jag kommer personligen. Jag kanske inte kan, eller de kanske helt enkelt vill vara f\u00f6r sig sj\u00e4lva i sitt eget g\u00e4ng &#8221;<em>mellan sk\u00e5l och v\u00e4gg<\/em>&#8221;.<br \/>\nD\u00e5 kan vi filma en inspirationsf\u00f6rel\u00e4sning, l\u00e4tt gjort. Sen kan de jobba vidare med sina ber\u00e4ttelser p\u00e5 egen hand, men organisationen beh\u00f6ver alltid sparkas ig\u00e5ng f\u00f6r att det \u00e4r just sj\u00e4lva inspirationen som \u00e4r det speciella och n\u00f6dv\u00e4ndiga f\u00f6r att f\u00e5 g\u00e5ng storytelling i och om organisationer.<br \/>\nEn s\u00e5dan gjorde jag senast i g\u00e5r \u00e5t <strong>Saab<\/strong> som arbetar med en f\u00f6r\u00e4ndringsprocess d\u00e4r det det civila uppdraget tar allt mer plats i utbudet p\u00e5 f\u00f6retagets v\u00e4g att fylla p\u00e5st\u00e5endet att: <em><strong><em><strong>Det \u00e4r en m\u00e4nsklig r\u00e4ttighet att k\u00e4nna sig trygg<\/strong><\/em><\/strong><\/em>.<br \/>\nDet handlar inte om en filminspelning i vanlig mening som ju l\u00e4tt tar b\u00e5de dagar och veckor. Det \u00e4r i st\u00e4llet helt enkelt en digitaliserad inspirationsf\u00f6rel\u00e4sning. Med fast kamera. Det kr\u00e4vs f\u00f6rst\u00e5s lite researchf\u00f6rberedelser men sj\u00e4lva inspelningen tar bara n\u00e5gra timmar att g\u00f6ra.<br \/>\nVill du ha en s\u00e5dan <em>kick start<\/em> i er organisation s\u00e5 kan du kontakta mig p\u00e5 <a href=\"mailto:matts@storytellers.se\">matts@storytellers.se<\/a><\/p>\n","protected":false},"excerpt":{"rendered":"<p>D\u00e5 och d\u00e5 vill ett f\u00f6retag eller en organisation ha en skr\u00e4ddarsydd filmad inspirationsf\u00f6rel\u00e4sning av mig ist\u00e4llet f\u00f6r att jag kommer personligen. Jag kanske inte kan, eller de kanske helt enkelt vill vara f\u00f6r sig sj\u00e4lva i sitt eget g\u00e4ng &#8221;mellan sk\u00e5l och v\u00e4gg&#8221;. D\u00e5 kan vi filma en inspirationsf\u00f6rel\u00e4sning, l\u00e4tt gjort. Sen kan de&#8230;<\/p>\n","protected":false},"author":2,"featured_media":0,"comment_status":"open","ping_status":"closed","sticky":false,"template":"","format":"standard","meta":[],"categories":[4],"tags":[],"_links":{"self":[{"href":"https:\/\/storytellers.se\/index.php?rest_route=\/wp\/v2\/posts\/2892"}],"collection":[{"href":"https:\/\/storytellers.se\/index.php?rest_route=\/wp\/v2\/posts"}],"about":[{"href":"https:\/\/storytellers.se\/index.php?rest_route=\/wp\/v2\/types\/post"}],"author":[{"embeddable":true,"href":"https:\/\/storytellers.se\/index.php?rest_route=\/wp\/v2\/users\/2"}],"replies":[{"embeddable":true,"href":"https:\/\/storytellers.se\/index.php?rest_route=%2Fwp%2Fv2%2Fcomments&post=2892"}],"version-history":[{"count":0,"href":"https:\/\/storytellers.se\/index.php?rest_route=\/wp\/v2\/posts\/2892\/revisions"}],"wp:attachment":[{"href":"https:\/\/storytellers.se\/index.php?rest_route=%2Fwp%2Fv2%2Fmedia&parent=2892"}],"wp:term":[{"taxonomy":"category","embeddable":true,"href":"https:\/\/storytellers.se\/index.php?rest_route=%2Fwp%2Fv2%2Fcategories&post=2892"},{"taxonomy":"post_tag","embeddable":true,"href":"https:\/\/storytellers.se\/index.php?rest_route=%2Fwp%2Fv2%2Ftags&post=2892"}],"curies":[{"name":"wp","href":"https:\/\/api.w.org\/{rel}","templated":true}]}}