{"id":2886,"date":"2010-12-03T14:49:17","date_gmt":"2010-12-03T13:49:17","guid":{"rendered":"http:\/\/heijbel.wordpress.com\/2010\/12\/03\/fullt-drag-pa-norra-latin"},"modified":"2010-12-03T14:49:17","modified_gmt":"2010-12-03T13:49:17","slug":"fullt-drag-pa-norra-latin","status":"publish","type":"post","link":"https:\/\/storytellers.se\/?p=2886","title":{"rendered":"Fullt drag p\u00e5 Norra Latin"},"content":{"rendered":"<p>I g\u00e5r medverkade jag i i \u00e5rets upplaga av konferensen <strong>Ordens Magi<\/strong> p\u00e5 Norra Latin City Conference Centre i Stockholm. De \u00e5rliga konferensen kring spr\u00e5ket med <em>Posten, Norstedts, Spr\u00e5ktidningen<\/em> och <em>Kairos Future<\/em> som samarbetspartners hade i \u00e5r temat <em><strong>Det vinnande och s\u00e4ljande spr\u00e5ket<\/strong><\/em><br \/>\nJag talade f\u00f6rst\u00e5s om Corporate Storytelling och gav exempel om spr\u00e5kets makt och magi i organisationsber\u00e4ttandet. Andra medverkande, under ledning av <strong>G\u00f6ran H\u00e4gg<\/strong>, var <strong>Micael Bindefeld<\/strong>, Obamas retoriske medhj\u00e4lpare <strong>Kevin Lampe<\/strong>, <strong>Henrik Berggren<\/strong>, ledarskribent som just skrivit en Palmebiografi, <strong>Lena Josefsson<\/strong>, kommunikationskonsult och <strong>Barbro Hedvall<\/strong>, f d ledarskribent, numera pr-r\u00e5dgivare.<br \/>\n<strong>Jens Lapidus<\/strong>, f\u00f6rfattare och advokat, <strong>Annmari Kastrup<\/strong> och <strong>Anna Pettersson<\/strong>, sk\u00e5despelare, <strong>Olle Josephson<\/strong>, professor i nordiska spr\u00e5k, <strong>Anna Lena Ringarp<\/strong> fr\u00e5n Spr\u00e5ket i Sveriges Radio och retorikkonsulten <strong>Elaine Bergqvist<\/strong>.<br \/>\n<strong>Henrik Olinder<\/strong> kriskommunikat\u00f6r och retoriker, <strong>Eric Ericson<\/strong> f\u00f6rfattare, <strong>Thomas F\u00fcrth<\/strong>, forskningsledare, <strong>Annika Creutzer<\/strong>, journalist och nationalekonom. Det hela avslutades med att <strong>G\u00f6ran H\u00e4gg<\/strong> talade om konsten att sluta sen f\u00f6ljde spr\u00e5kmingel med god dryck och h\u00e4rligt tilltugg. En riktigt gottande i spr\u00e5kets olika aspekter.<br \/>\nCirka 250 personer kom till Norra Latin f\u00f6r att lyssna.<\/p>\n","protected":false},"excerpt":{"rendered":"<p>I g\u00e5r medverkade jag i i \u00e5rets upplaga av konferensen Ordens Magi p\u00e5 Norra Latin City Conference Centre i Stockholm. De \u00e5rliga konferensen kring spr\u00e5ket med Posten, Norstedts, Spr\u00e5ktidningen och Kairos Future som samarbetspartners hade i \u00e5r temat Det vinnande och s\u00e4ljande spr\u00e5ket Jag talade f\u00f6rst\u00e5s om Corporate Storytelling och gav exempel om spr\u00e5kets makt&#8230;<\/p>\n","protected":false},"author":2,"featured_media":0,"comment_status":"open","ping_status":"closed","sticky":false,"template":"","format":"standard","meta":[],"categories":[2],"tags":[],"_links":{"self":[{"href":"https:\/\/storytellers.se\/index.php?rest_route=\/wp\/v2\/posts\/2886"}],"collection":[{"href":"https:\/\/storytellers.se\/index.php?rest_route=\/wp\/v2\/posts"}],"about":[{"href":"https:\/\/storytellers.se\/index.php?rest_route=\/wp\/v2\/types\/post"}],"author":[{"embeddable":true,"href":"https:\/\/storytellers.se\/index.php?rest_route=\/wp\/v2\/users\/2"}],"replies":[{"embeddable":true,"href":"https:\/\/storytellers.se\/index.php?rest_route=%2Fwp%2Fv2%2Fcomments&post=2886"}],"version-history":[{"count":0,"href":"https:\/\/storytellers.se\/index.php?rest_route=\/wp\/v2\/posts\/2886\/revisions"}],"wp:attachment":[{"href":"https:\/\/storytellers.se\/index.php?rest_route=%2Fwp%2Fv2%2Fmedia&parent=2886"}],"wp:term":[{"taxonomy":"category","embeddable":true,"href":"https:\/\/storytellers.se\/index.php?rest_route=%2Fwp%2Fv2%2Fcategories&post=2886"},{"taxonomy":"post_tag","embeddable":true,"href":"https:\/\/storytellers.se\/index.php?rest_route=%2Fwp%2Fv2%2Ftags&post=2886"}],"curies":[{"name":"wp","href":"https:\/\/api.w.org\/{rel}","templated":true}]}}