{"id":2884,"date":"2010-12-03T14:22:07","date_gmt":"2010-12-03T13:22:07","guid":{"rendered":"http:\/\/heijbel.wordpress.com\/2010\/12\/03\/sveriges-internationella-huvudstad"},"modified":"2010-12-03T14:22:07","modified_gmt":"2010-12-03T13:22:07","slug":"sveriges-internationella-huvudstad","status":"publish","type":"post","link":"https:\/\/storytellers.se\/?p=2884","title":{"rendered":"Sveriges Internationella Huvudstad"},"content":{"rendered":"<p>S\u00f6dert\u00e4lje arbetar f\u00f6r att vara och bli <a href=\"http:\/\/www.sodertalje.se\/mainupload\/dokument\/Kommun%20o%20demokrati\/internationellt\/sodertalje_99x210_lo.pdf\"><em><strong><strong><em>Sveriges Internationella Huvudstad<\/em><\/strong><\/strong><\/em>\u00a0<\/a>. Alla inblandade anv\u00e4nder min bok <a href=\"http:\/\/www.adlibris.com\/se\/product.aspx?isbn=9197738298\"><em><strong>Storytelling befolkar varum\u00e4rket<\/strong><\/em><\/a> och jag \u00e4r delvis sj\u00e4lv involverad eftersom jag tr\u00e4ffar kommunikat\u00f6rer och \u00e4ven polisens informationsansvariga f\u00f6r att stimulera dem att s\u00f6ka, sk\u00f6rda och anv\u00e4nda emotionella ber\u00e4ttelser om h\u00e4ndelser som visar att epitetet h\u00e5ller. I S\u00f6dert\u00e4lje, som \u00e4r en starkt f\u00f6retagarpr\u00e4glad stad med stor export fr\u00e4mst via  <a href=\"http:\/\/www.scania.se\"><em><strong>Scania<\/strong><\/em>\u00a0<\/a> och <a href=\"http:\/\/www.astrazeneca.se\/om_oss\/verksamheten-i-Sverige\/Forskning\/Sodertalje\/\"><em><strong>Astra Zeneka<\/strong><\/em>\u00a0<\/a>  finns m\u00e4ngder av kulturm\u00f6ten och internationella relationer.<\/p>\n","protected":false},"excerpt":{"rendered":"<p>S\u00f6dert\u00e4lje arbetar f\u00f6r att vara och bli Sveriges Internationella Huvudstad\u00a0. Alla inblandade anv\u00e4nder min bok Storytelling befolkar varum\u00e4rket och jag \u00e4r delvis sj\u00e4lv involverad eftersom jag tr\u00e4ffar kommunikat\u00f6rer och \u00e4ven polisens informationsansvariga f\u00f6r att stimulera dem att s\u00f6ka, sk\u00f6rda och anv\u00e4nda emotionella ber\u00e4ttelser om h\u00e4ndelser som visar att epitetet h\u00e5ller. I S\u00f6dert\u00e4lje, som \u00e4r en&#8230;<\/p>\n","protected":false},"author":2,"featured_media":0,"comment_status":"open","ping_status":"closed","sticky":false,"template":"","format":"standard","meta":[],"categories":[9],"tags":[],"_links":{"self":[{"href":"https:\/\/storytellers.se\/index.php?rest_route=\/wp\/v2\/posts\/2884"}],"collection":[{"href":"https:\/\/storytellers.se\/index.php?rest_route=\/wp\/v2\/posts"}],"about":[{"href":"https:\/\/storytellers.se\/index.php?rest_route=\/wp\/v2\/types\/post"}],"author":[{"embeddable":true,"href":"https:\/\/storytellers.se\/index.php?rest_route=\/wp\/v2\/users\/2"}],"replies":[{"embeddable":true,"href":"https:\/\/storytellers.se\/index.php?rest_route=%2Fwp%2Fv2%2Fcomments&post=2884"}],"version-history":[{"count":0,"href":"https:\/\/storytellers.se\/index.php?rest_route=\/wp\/v2\/posts\/2884\/revisions"}],"wp:attachment":[{"href":"https:\/\/storytellers.se\/index.php?rest_route=%2Fwp%2Fv2%2Fmedia&parent=2884"}],"wp:term":[{"taxonomy":"category","embeddable":true,"href":"https:\/\/storytellers.se\/index.php?rest_route=%2Fwp%2Fv2%2Fcategories&post=2884"},{"taxonomy":"post_tag","embeddable":true,"href":"https:\/\/storytellers.se\/index.php?rest_route=%2Fwp%2Fv2%2Ftags&post=2884"}],"curies":[{"name":"wp","href":"https:\/\/api.w.org\/{rel}","templated":true}]}}