{"id":2878,"date":"2010-11-25T12:04:15","date_gmt":"2010-11-25T11:04:15","guid":{"rendered":"http:\/\/heijbel.wordpress.com\/2010\/11\/25\/landsbygden-ska-leva"},"modified":"2010-11-25T12:04:15","modified_gmt":"2010-11-25T11:04:15","slug":"landsbygden-ska-leva","status":"publish","type":"post","link":"https:\/\/storytellers.se\/?p=2878","title":{"rendered":"Landsbygden ska leva"},"content":{"rendered":"<p>I g\u00e5r var jag med hela dagen p\u00e5 <strong><em>Landsbygdsgalans<\/em><\/strong> andra dag, p\u00e5 det Dialogforum som d\u00e5 h\u00f6lls under <strong>Carin Hjulstr\u00f6ms<\/strong> ledning p\u00e5 <strong><em>M\u00fcnchenbryggeriet<\/em><\/strong> i Stockholm.<br \/>\nKv\u00e4llen innan hade de firat sj\u00e4lva galan i Bl\u00e5 hallen i Stockholms stadshus, d\u00e5 n\u00e4rmare 400 landsbygdsutvecklare, f\u00f6retagare, politiker och makthavare fr\u00e5n hela landet firade. Man vill allts\u00e5 st\u00f6dja och ber\u00e4tta om och bel\u00f6na olika framg\u00e5ngskoncept f\u00f6r en levande landsbygd.<br \/>\nP\u00e5 Dialogforum&#8230;<\/p>\n<p><!--more--><br \/>\n&#8230;h\u00f6ll jag f\u00f6rst en storytellingf\u00f6rel\u00e4sning inf\u00f6r alla samlade landsbygdsutvecklare som jag f\u00f6ljde upp med en rad storyseminarier i mindre grupper d\u00e4r vi diskuterade storytellingverktygets m\u00f6jlighet att st\u00f6tta arbetet f\u00f6r en levande landsbygd.<br \/>\nDet finns m\u00e4ngder av sp\u00e4nnande h\u00e4ndelser drivna av fr\u00e4scha entrepren\u00f6rer p\u00e5 den svenska landsbygden. F\u00f6r att marknadsf\u00f6ra m\u00f6jligheterna till st\u00f6d och f\u00f6r att ber\u00e4tta om allt som sker kan det ibland vara en bra metod att tala om verkliga h\u00e4ndelser och verkliga m\u00e4nniskor s\u00e5 att inte regelverk och strukturer tar \u00f6ver vid de viktiga m\u00f6tena som finns mellan m\u00e4nniskor i den h\u00e4r v\u00e4rlden.<br \/>\nF\u00f6r den som inte \u00e4r insatt \u00e4r det sv\u00e5rt att h\u00e5lla is\u00e4r Leaderprojekt, Jordbruksverkets roll, L\u00e4nsstyrelsernas uppgift, EU-inblandningen, departements roll och politiken.<br \/>\nStorytelling \u00e4r d\u00e5 en del av svaret f\u00f6r att f\u00e5 ig\u00e5ng kommunikationen utanf\u00f6r den inre kretsen med hj\u00e4lp av emotionella bilder av verkligheten. Detta innan de politiska och ekonomiska resonemangen tar vid.<\/p>\n","protected":false},"excerpt":{"rendered":"<p>I g\u00e5r var jag med hela dagen p\u00e5 Landsbygdsgalans andra dag, p\u00e5 det Dialogforum som d\u00e5 h\u00f6lls under Carin Hjulstr\u00f6ms ledning p\u00e5 M\u00fcnchenbryggeriet i Stockholm. Kv\u00e4llen innan hade de firat sj\u00e4lva galan i Bl\u00e5 hallen i Stockholms stadshus, d\u00e5 n\u00e4rmare 400 landsbygdsutvecklare, f\u00f6retagare, politiker och makthavare fr\u00e5n hela landet firade. Man vill allts\u00e5 st\u00f6dja och&#8230;<\/p>\n","protected":false},"author":2,"featured_media":0,"comment_status":"open","ping_status":"closed","sticky":false,"template":"","format":"standard","meta":[],"categories":[2],"tags":[],"_links":{"self":[{"href":"https:\/\/storytellers.se\/index.php?rest_route=\/wp\/v2\/posts\/2878"}],"collection":[{"href":"https:\/\/storytellers.se\/index.php?rest_route=\/wp\/v2\/posts"}],"about":[{"href":"https:\/\/storytellers.se\/index.php?rest_route=\/wp\/v2\/types\/post"}],"author":[{"embeddable":true,"href":"https:\/\/storytellers.se\/index.php?rest_route=\/wp\/v2\/users\/2"}],"replies":[{"embeddable":true,"href":"https:\/\/storytellers.se\/index.php?rest_route=%2Fwp%2Fv2%2Fcomments&post=2878"}],"version-history":[{"count":0,"href":"https:\/\/storytellers.se\/index.php?rest_route=\/wp\/v2\/posts\/2878\/revisions"}],"wp:attachment":[{"href":"https:\/\/storytellers.se\/index.php?rest_route=%2Fwp%2Fv2%2Fmedia&parent=2878"}],"wp:term":[{"taxonomy":"category","embeddable":true,"href":"https:\/\/storytellers.se\/index.php?rest_route=%2Fwp%2Fv2%2Fcategories&post=2878"},{"taxonomy":"post_tag","embeddable":true,"href":"https:\/\/storytellers.se\/index.php?rest_route=%2Fwp%2Fv2%2Ftags&post=2878"}],"curies":[{"name":"wp","href":"https:\/\/api.w.org\/{rel}","templated":true}]}}