{"id":2876,"date":"2010-11-25T11:51:49","date_gmt":"2010-11-25T10:51:49","guid":{"rendered":"http:\/\/heijbel.wordpress.com\/2010\/11\/25\/hos-handels-pa-bommersvik"},"modified":"2010-11-25T11:51:49","modified_gmt":"2010-11-25T10:51:49","slug":"hos-handels-pa-bommersvik","status":"publish","type":"post","link":"https:\/\/storytellers.se\/?p=2876","title":{"rendered":"Hos Handels p\u00e5 Bommersvik"},"content":{"rendered":"<p>I m\u00e5ndags var jag en hel dag med f\u00f6rtroendevalda vid <strong><em>Handels<\/em><\/strong> (<em>Handelsanst\u00e4lldas f\u00f6rbund<\/em>) p\u00e5 <strong><em>Bommersvik<\/em><\/strong>. Vi hade diskussioner, bland annat om hur storytelling skulle kunna locka fler unga till facket och vi hade en workshop d\u00e4r vi sk\u00f6rdade <em>Handelsstories<\/em> fr\u00e5n f\u00e4ltet. Deltagarna fick min bok <a href=\"http:\/\/www.adlibris.com\/se\/product.aspx?isbn=9197738298\"><em><strong>Storytelling befolkar varum\u00e4rket<\/strong><\/em><\/a> som v\u00e4gledning och de tar nu med sig verktyget ut i sina regioner runt om i Sverige.<br \/>\nBommersvik \u00e4r SSU:s kursg\u00e5rd och h\u00e4r finns i lokalerna byster och m\u00e5lningar av arbetarr\u00f6relsens giganter i rum och p\u00e5 v\u00e4ggar. Ett stycke svensk arbetarr\u00f6relse vid stranden av sj\u00f6n Yngern i S\u00f6rmland.<br \/>\nEn anekdot fr\u00e5n Bommersvik ber\u00e4ttar att&#8230;<\/p>\n<p><!--more--><br \/>\n&#8230;\u00f6versten som s\u00e5lde den pampiga fastigheten i italiensk stil spetsad med Jugendinslag var tveksam att s\u00e4lja till socialisterna. Han drog d\u00e4rf\u00f6r ut p\u00e5 aff\u00e4ren som genomf\u00f6rdes p\u00e5 30-talet. Han st\u00e4llde ett speciellt krav.<br \/>\nN\u00e4r han fick igenom sitt krav s\u00e5 blev aff\u00e4ren ett faktum.<br \/>\nKravet var att n\u00e4r SSU:arna hissade arbetarflaggan s\u00e5 skulle de ocks\u00e5 altid hissa den svenska flaggan.<\/p>\n","protected":false},"excerpt":{"rendered":"<p>I m\u00e5ndags var jag en hel dag med f\u00f6rtroendevalda vid Handels (Handelsanst\u00e4lldas f\u00f6rbund) p\u00e5 Bommersvik. Vi hade diskussioner, bland annat om hur storytelling skulle kunna locka fler unga till facket och vi hade en workshop d\u00e4r vi sk\u00f6rdade Handelsstories fr\u00e5n f\u00e4ltet. Deltagarna fick min bok Storytelling befolkar varum\u00e4rket som v\u00e4gledning och de tar nu med&#8230;<\/p>\n","protected":false},"author":2,"featured_media":0,"comment_status":"open","ping_status":"closed","sticky":false,"template":"","format":"standard","meta":[],"categories":[2],"tags":[],"_links":{"self":[{"href":"https:\/\/storytellers.se\/index.php?rest_route=\/wp\/v2\/posts\/2876"}],"collection":[{"href":"https:\/\/storytellers.se\/index.php?rest_route=\/wp\/v2\/posts"}],"about":[{"href":"https:\/\/storytellers.se\/index.php?rest_route=\/wp\/v2\/types\/post"}],"author":[{"embeddable":true,"href":"https:\/\/storytellers.se\/index.php?rest_route=\/wp\/v2\/users\/2"}],"replies":[{"embeddable":true,"href":"https:\/\/storytellers.se\/index.php?rest_route=%2Fwp%2Fv2%2Fcomments&post=2876"}],"version-history":[{"count":0,"href":"https:\/\/storytellers.se\/index.php?rest_route=\/wp\/v2\/posts\/2876\/revisions"}],"wp:attachment":[{"href":"https:\/\/storytellers.se\/index.php?rest_route=%2Fwp%2Fv2%2Fmedia&parent=2876"}],"wp:term":[{"taxonomy":"category","embeddable":true,"href":"https:\/\/storytellers.se\/index.php?rest_route=%2Fwp%2Fv2%2Fcategories&post=2876"},{"taxonomy":"post_tag","embeddable":true,"href":"https:\/\/storytellers.se\/index.php?rest_route=%2Fwp%2Fv2%2Ftags&post=2876"}],"curies":[{"name":"wp","href":"https:\/\/api.w.org\/{rel}","templated":true}]}}