{"id":2872,"date":"2010-11-25T11:23:49","date_gmt":"2010-11-25T10:23:49","guid":{"rendered":"http:\/\/heijbel.wordpress.com\/2010\/11\/25\/ovako-steel-i-smedjebacken"},"modified":"2010-11-25T11:23:49","modified_gmt":"2010-11-25T10:23:49","slug":"ovako-steel-i-smedjebacken","status":"publish","type":"post","link":"https:\/\/storytellers.se\/?p=2872","title":{"rendered":"Ovako Steel i Smedjebacken"},"content":{"rendered":"<p>Jag bes\u00f6kte f\u00f6r en tid sedan medarbetare fr\u00e5n <strong><em>Ovako Steel<\/em><\/strong> i Smedjebacken. Med fanns ocks\u00e5 bl a kulturchefen fr\u00e5n Smedjebackens kommun, representanter fr\u00e5n ABF, Facket, Hembygdsf\u00f6reningen, Pressen m fl. Syftet var att hitta ber\u00e4ttelser tillsammans med konstn\u00e4re <strong>Maria Backman<\/strong>. Hon ska utifr\u00e5n &#8221;<em>Smedjebackenstories<\/em>&#8221; till v\u00e5ren gestalta Smedjebackens ber\u00e4ttelser och bygga en utst\u00e4llning i <strong><em>Dalarnas Museum<\/em><\/strong> d\u00e4r jag ocks\u00e5 ska medverka som storyteller. N\u00e4ringsliv och kulturliv hand i hand.<\/p>\n","protected":false},"excerpt":{"rendered":"<p>Jag bes\u00f6kte f\u00f6r en tid sedan medarbetare fr\u00e5n Ovako Steel i Smedjebacken. Med fanns ocks\u00e5 bl a kulturchefen fr\u00e5n Smedjebackens kommun, representanter fr\u00e5n ABF, Facket, Hembygdsf\u00f6reningen, Pressen m fl. Syftet var att hitta ber\u00e4ttelser tillsammans med konstn\u00e4re Maria Backman. Hon ska utifr\u00e5n &#8221;Smedjebackenstories&#8221; till v\u00e5ren gestalta Smedjebackens ber\u00e4ttelser och bygga en utst\u00e4llning i Dalarnas Museum&#8230;<\/p>\n","protected":false},"author":2,"featured_media":0,"comment_status":"open","ping_status":"closed","sticky":false,"template":"","format":"standard","meta":[],"categories":[2],"tags":[],"_links":{"self":[{"href":"https:\/\/storytellers.se\/index.php?rest_route=\/wp\/v2\/posts\/2872"}],"collection":[{"href":"https:\/\/storytellers.se\/index.php?rest_route=\/wp\/v2\/posts"}],"about":[{"href":"https:\/\/storytellers.se\/index.php?rest_route=\/wp\/v2\/types\/post"}],"author":[{"embeddable":true,"href":"https:\/\/storytellers.se\/index.php?rest_route=\/wp\/v2\/users\/2"}],"replies":[{"embeddable":true,"href":"https:\/\/storytellers.se\/index.php?rest_route=%2Fwp%2Fv2%2Fcomments&post=2872"}],"version-history":[{"count":0,"href":"https:\/\/storytellers.se\/index.php?rest_route=\/wp\/v2\/posts\/2872\/revisions"}],"wp:attachment":[{"href":"https:\/\/storytellers.se\/index.php?rest_route=%2Fwp%2Fv2%2Fmedia&parent=2872"}],"wp:term":[{"taxonomy":"category","embeddable":true,"href":"https:\/\/storytellers.se\/index.php?rest_route=%2Fwp%2Fv2%2Fcategories&post=2872"},{"taxonomy":"post_tag","embeddable":true,"href":"https:\/\/storytellers.se\/index.php?rest_route=%2Fwp%2Fv2%2Ftags&post=2872"}],"curies":[{"name":"wp","href":"https:\/\/api.w.org\/{rel}","templated":true}]}}