{"id":2868,"date":"2010-11-10T23:21:07","date_gmt":"2010-11-10T22:21:07","guid":{"rendered":"http:\/\/heijbel.wordpress.com\/2010\/11\/10\/ikea-alltid-detta-ikea"},"modified":"2010-11-10T23:21:07","modified_gmt":"2010-11-10T22:21:07","slug":"ikea-alltid-detta-ikea","status":"publish","type":"post","link":"https:\/\/storytellers.se\/?p=2868","title":{"rendered":"Ikea, alltid detta Ikea"},"content":{"rendered":"<p>H\u00f6gst f\u00f6rtroende hos svenska folket har som vanligt Ikea i f\u00f6rtroendem\u00e4tningarna. Hur \u00e4r detta m\u00f6jligt? Ber\u00e4ttarkulturen l\u00e4gger f\u00f6rst\u00e5s grunden. Ikea \u00e4r i v\u00e4rldsklass n\u00e4r det g\u00e4ller att ta tillvara och anv\u00e4nda sitt ber\u00e4ttarkapital.<br \/>\nS\u00e5 <a href=\"http:\/\/www.dagensmedia.se\/nyheter\/pr\/article2505292.ece\"><em><strong>h\u00e4r<\/strong><\/em><\/a> skriver Dagens Media om detta bevis p\u00e5 ber\u00e4ttarkraften.<\/p>\n","protected":false},"excerpt":{"rendered":"<p>H\u00f6gst f\u00f6rtroende hos svenska folket har som vanligt Ikea i f\u00f6rtroendem\u00e4tningarna. Hur \u00e4r detta m\u00f6jligt? Ber\u00e4ttarkulturen l\u00e4gger f\u00f6rst\u00e5s grunden. Ikea \u00e4r i v\u00e4rldsklass n\u00e4r det g\u00e4ller att ta tillvara och anv\u00e4nda sitt ber\u00e4ttarkapital. S\u00e5 h\u00e4r skriver Dagens Media om detta bevis p\u00e5 ber\u00e4ttarkraften.<\/p>\n","protected":false},"author":2,"featured_media":0,"comment_status":"open","ping_status":"closed","sticky":false,"template":"","format":"standard","meta":[],"categories":[2],"tags":[],"_links":{"self":[{"href":"https:\/\/storytellers.se\/index.php?rest_route=\/wp\/v2\/posts\/2868"}],"collection":[{"href":"https:\/\/storytellers.se\/index.php?rest_route=\/wp\/v2\/posts"}],"about":[{"href":"https:\/\/storytellers.se\/index.php?rest_route=\/wp\/v2\/types\/post"}],"author":[{"embeddable":true,"href":"https:\/\/storytellers.se\/index.php?rest_route=\/wp\/v2\/users\/2"}],"replies":[{"embeddable":true,"href":"https:\/\/storytellers.se\/index.php?rest_route=%2Fwp%2Fv2%2Fcomments&post=2868"}],"version-history":[{"count":0,"href":"https:\/\/storytellers.se\/index.php?rest_route=\/wp\/v2\/posts\/2868\/revisions"}],"wp:attachment":[{"href":"https:\/\/storytellers.se\/index.php?rest_route=%2Fwp%2Fv2%2Fmedia&parent=2868"}],"wp:term":[{"taxonomy":"category","embeddable":true,"href":"https:\/\/storytellers.se\/index.php?rest_route=%2Fwp%2Fv2%2Fcategories&post=2868"},{"taxonomy":"post_tag","embeddable":true,"href":"https:\/\/storytellers.se\/index.php?rest_route=%2Fwp%2Fv2%2Ftags&post=2868"}],"curies":[{"name":"wp","href":"https:\/\/api.w.org\/{rel}","templated":true}]}}