{"id":2864,"date":"2010-11-10T10:58:12","date_gmt":"2010-11-10T09:58:12","guid":{"rendered":"http:\/\/heijbel.wordpress.com\/2010\/11\/10\/till-umea-26-27-nov"},"modified":"2010-11-10T10:58:12","modified_gmt":"2010-11-10T09:58:12","slug":"till-umea-26-27-nov","status":"publish","type":"post","link":"https:\/\/storytellers.se\/?p=2864","title":{"rendered":"Till Ume\u00e5 26-27 nov"},"content":{"rendered":"<p>I samarbete med <em>Ber\u00e4ttarn\u00e4t Norr<\/em> och <em>Studiefr\u00e4mjandet<\/em> kommer jag till Ume\u00e5 helgen den 26-27 november f\u00f6r att ha en grundlig genomg\u00e5ng och praktisk \u00f6vning kring Corporate Storytelling<br \/>\nJag utg\u00e5r fr\u00e5n min bok och det finns ocks\u00e5 m\u00f6jlighet att k\u00f6pa den till f\u00f6rlagspris d\u00e5. Annars finns den f\u00f6rst\u00e5s hela tiden p\u00e5 Adlibris och Bokus, m fl bokhandlare.<br \/>\nDe som kommer kan utveckla sina egna organisationsber\u00e4ttelser tillsammans med mig och gruppen. Priset f\u00f6r dagarna \u00e4r 2.000 sek inkl lunch och fika.<br \/>\nMer information kan du f\u00e5 fr\u00e5n prisbel\u00f6nta ber\u00e4ttaren<strong> Karin Ferry<\/strong> <a href=\"mailto:karin.ferry@telia.com\">karin.ferry@telia.com<\/a> och anm\u00e4lan kan l\u00e4mnas till <a href=\"mailto:anette@pulkan.se\">anette@pulkan.se<\/a> tel 090-130910. Vi b\u00f6rjar fredag kv\u00e4ll och k\u00f6r sen hela l\u00f6rdagen. Vi h\u00e5ller till i Mariag\u00e5rdens Storstuga i Kassj\u00f6, Ume\u00e5.<\/p>\n","protected":false},"excerpt":{"rendered":"<p>I samarbete med Ber\u00e4ttarn\u00e4t Norr och Studiefr\u00e4mjandet kommer jag till Ume\u00e5 helgen den 26-27 november f\u00f6r att ha en grundlig genomg\u00e5ng och praktisk \u00f6vning kring Corporate Storytelling Jag utg\u00e5r fr\u00e5n min bok och det finns ocks\u00e5 m\u00f6jlighet att k\u00f6pa den till f\u00f6rlagspris d\u00e5. Annars finns den f\u00f6rst\u00e5s hela tiden p\u00e5 Adlibris och Bokus, m fl&#8230;<\/p>\n","protected":false},"author":2,"featured_media":0,"comment_status":"open","ping_status":"closed","sticky":false,"template":"","format":"standard","meta":[],"categories":[9],"tags":[],"_links":{"self":[{"href":"https:\/\/storytellers.se\/index.php?rest_route=\/wp\/v2\/posts\/2864"}],"collection":[{"href":"https:\/\/storytellers.se\/index.php?rest_route=\/wp\/v2\/posts"}],"about":[{"href":"https:\/\/storytellers.se\/index.php?rest_route=\/wp\/v2\/types\/post"}],"author":[{"embeddable":true,"href":"https:\/\/storytellers.se\/index.php?rest_route=\/wp\/v2\/users\/2"}],"replies":[{"embeddable":true,"href":"https:\/\/storytellers.se\/index.php?rest_route=%2Fwp%2Fv2%2Fcomments&post=2864"}],"version-history":[{"count":0,"href":"https:\/\/storytellers.se\/index.php?rest_route=\/wp\/v2\/posts\/2864\/revisions"}],"wp:attachment":[{"href":"https:\/\/storytellers.se\/index.php?rest_route=%2Fwp%2Fv2%2Fmedia&parent=2864"}],"wp:term":[{"taxonomy":"category","embeddable":true,"href":"https:\/\/storytellers.se\/index.php?rest_route=%2Fwp%2Fv2%2Fcategories&post=2864"},{"taxonomy":"post_tag","embeddable":true,"href":"https:\/\/storytellers.se\/index.php?rest_route=%2Fwp%2Fv2%2Ftags&post=2864"}],"curies":[{"name":"wp","href":"https:\/\/api.w.org\/{rel}","templated":true}]}}