{"id":2858,"date":"2010-11-05T14:00:54","date_gmt":"2010-11-05T13:00:54","guid":{"rendered":"http:\/\/heijbel.wordpress.com\/2010\/11\/05\/idka-friluftsliv-eller-fiska-aborre"},"modified":"2010-11-05T14:00:54","modified_gmt":"2010-11-05T13:00:54","slug":"idka-friluftsliv-eller-fiska-aborre","status":"publish","type":"post","link":"https:\/\/storytellers.se\/?p=2858","title":{"rendered":"Idka friluftsliv eller fiska aborre?"},"content":{"rendered":"<p>I dag tr\u00e4ffade jag en retoriker som gav en rolig liten liknelse om hur vi ber\u00e4ttar. Han ville, precis som jag, betona vikten av att tala i bilder som v\u00e4cker tankar, minnen och associationer ist\u00e4llet f\u00f6r att kommunicera abstrakt och maskinellt.<br \/>\nSamma sak kan beskrivas p\u00e5 olika s\u00e4tt. Ska vi s\u00e4ga:<\/p>\n<p><!--more--><br \/>\n&#8221; <em>H\u00e4r idkade jag och en \u00e4ldre sl\u00e4kting friluftsliv tillsammans n\u00e4r vi efters\u00f6kte n\u00e5got att inmundiga fr\u00e5n vattent\u00e4kte<\/em>n.&#8221;<br \/>\nEller:<br \/>\n&#8221; <em>Min fabror var klockare i Gillberga. Vi brukade, efter gudstj\u00e4nsten, d\u00e4r han alltid satt vid kyrkorgeln,  gr\u00e4va upp lite mask som vi la i en sylturk, sen gick vi ner genom granskogen hit ner och metade aborre fr\u00e5n bryggan. Sedan grillade vi \u00f6ver \u00f6ppen eld<\/em>.&#8221;<br \/>\nBra ber\u00e4ttande beh\u00f6ver bilder som involverar lyssnaren och\/eller l\u00e4saren s\u00e5 att han eller hon kan plocka fram sina doftminnen, sina bilder och erfarenheter. Sin sj\u00f6, sin aborre och k\u00e4nslan att gr\u00e4va efter mask.<\/p>\n","protected":false},"excerpt":{"rendered":"<p>I dag tr\u00e4ffade jag en retoriker som gav en rolig liten liknelse om hur vi ber\u00e4ttar. Han ville, precis som jag, betona vikten av att tala i bilder som v\u00e4cker tankar, minnen och associationer ist\u00e4llet f\u00f6r att kommunicera abstrakt och maskinellt. Samma sak kan beskrivas p\u00e5 olika s\u00e4tt. Ska vi s\u00e4ga:<\/p>\n","protected":false},"author":2,"featured_media":0,"comment_status":"open","ping_status":"closed","sticky":false,"template":"","format":"standard","meta":[],"categories":[2],"tags":[],"_links":{"self":[{"href":"https:\/\/storytellers.se\/index.php?rest_route=\/wp\/v2\/posts\/2858"}],"collection":[{"href":"https:\/\/storytellers.se\/index.php?rest_route=\/wp\/v2\/posts"}],"about":[{"href":"https:\/\/storytellers.se\/index.php?rest_route=\/wp\/v2\/types\/post"}],"author":[{"embeddable":true,"href":"https:\/\/storytellers.se\/index.php?rest_route=\/wp\/v2\/users\/2"}],"replies":[{"embeddable":true,"href":"https:\/\/storytellers.se\/index.php?rest_route=%2Fwp%2Fv2%2Fcomments&post=2858"}],"version-history":[{"count":0,"href":"https:\/\/storytellers.se\/index.php?rest_route=\/wp\/v2\/posts\/2858\/revisions"}],"wp:attachment":[{"href":"https:\/\/storytellers.se\/index.php?rest_route=%2Fwp%2Fv2%2Fmedia&parent=2858"}],"wp:term":[{"taxonomy":"category","embeddable":true,"href":"https:\/\/storytellers.se\/index.php?rest_route=%2Fwp%2Fv2%2Fcategories&post=2858"},{"taxonomy":"post_tag","embeddable":true,"href":"https:\/\/storytellers.se\/index.php?rest_route=%2Fwp%2Fv2%2Ftags&post=2858"}],"curies":[{"name":"wp","href":"https:\/\/api.w.org\/{rel}","templated":true}]}}