{"id":2852,"date":"2010-10-28T22:06:48","date_gmt":"2010-10-28T21:06:48","guid":{"rendered":"http:\/\/heijbel.wordpress.com\/2010\/10\/28\/205-000-besok"},"modified":"2010-10-28T22:06:48","modified_gmt":"2010-10-28T21:06:48","slug":"205-000-besok","status":"publish","type":"post","link":"https:\/\/storytellers.se\/?p=2852","title":{"rendered":"205.000 bes\u00f6k"},"content":{"rendered":"<p>I dag passerade r\u00e4knaren <strong>205.000 bes\u00f6k<\/strong> h\u00e4r p\u00e5 bloggen storytellers.se sen jag b\u00f6rjade. <em>Storytellers.se<\/em> \u00e4r faktiskt en av de f\u00f6rsta och d\u00e4rmed \u00e4ldsta svenska f\u00f6retagsbloggarna \u00f6verhuvudtaget.<br \/>\n205.000 bes\u00f6k sen jag startade storytellerbloggen 2003 g\u00f6r den h\u00e4r platsen stor och sj\u00e4lvklar bland dem som intresserar sig f\u00f6r de h\u00e4r fr\u00e5gorna. Storytellers.se vill ocks\u00e5 vara den sj\u00e4lvklara svenskspr\u00e5kiga m\u00f6teplatsen f\u00f6r dem som intresserar sig f\u00f6r <em>organisationers ber\u00e4ttarkapital och hur man s\u00e4tter det i arbete<\/em>. Svenskspr\u00e5kig \u00e4r den men jag har f\u00f6rst\u00e5s ocks\u00e5 uppdrag f\u00f6r internationella f\u00f6retag p\u00e5 engelska.<br \/>\nJag har haft l\u00e5ngt \u00f6ver 100 hos f\u00f6retag och kommuner, myndigheter och andra organisationer de senaste 10 \u00e5ren. Organisationerna vill, visar det sig, oftast s\u00f6ka och sk\u00f6rda det sk\u00f6rdekapital som de hoppas ska kunna hj\u00e4lpa dem att bli framg\u00e5ngsrika.<br \/>\nB\u00e5de internt och externt och i det rena s\u00e4ljet kan Corporate Storytelling synligg\u00f6ra emotionella v\u00e4rden och l\u00e5ta ber\u00e4ttelserna g\u00f6ra nytta i verksamheten.<br \/>\nVill du ocks\u00e5 anv\u00e4nda storytelling i er verksamhet? Kontakta mig p\u00e5 <a href=\"mailto:info@storytellers.se\">info@storytellers.se<\/a> s\u00e5 kan vi tala om saken.<\/p>\n","protected":false},"excerpt":{"rendered":"<p>I dag passerade r\u00e4knaren 205.000 bes\u00f6k h\u00e4r p\u00e5 bloggen storytellers.se sen jag b\u00f6rjade. Storytellers.se \u00e4r faktiskt en av de f\u00f6rsta och d\u00e4rmed \u00e4ldsta svenska f\u00f6retagsbloggarna \u00f6verhuvudtaget. 205.000 bes\u00f6k sen jag startade storytellerbloggen 2003 g\u00f6r den h\u00e4r platsen stor och sj\u00e4lvklar bland dem som intresserar sig f\u00f6r de h\u00e4r fr\u00e5gorna. Storytellers.se vill ocks\u00e5 vara den sj\u00e4lvklara&#8230;<\/p>\n","protected":false},"author":2,"featured_media":0,"comment_status":"open","ping_status":"closed","sticky":false,"template":"","format":"standard","meta":[],"categories":[2],"tags":[],"_links":{"self":[{"href":"https:\/\/storytellers.se\/index.php?rest_route=\/wp\/v2\/posts\/2852"}],"collection":[{"href":"https:\/\/storytellers.se\/index.php?rest_route=\/wp\/v2\/posts"}],"about":[{"href":"https:\/\/storytellers.se\/index.php?rest_route=\/wp\/v2\/types\/post"}],"author":[{"embeddable":true,"href":"https:\/\/storytellers.se\/index.php?rest_route=\/wp\/v2\/users\/2"}],"replies":[{"embeddable":true,"href":"https:\/\/storytellers.se\/index.php?rest_route=%2Fwp%2Fv2%2Fcomments&post=2852"}],"version-history":[{"count":0,"href":"https:\/\/storytellers.se\/index.php?rest_route=\/wp\/v2\/posts\/2852\/revisions"}],"wp:attachment":[{"href":"https:\/\/storytellers.se\/index.php?rest_route=%2Fwp%2Fv2%2Fmedia&parent=2852"}],"wp:term":[{"taxonomy":"category","embeddable":true,"href":"https:\/\/storytellers.se\/index.php?rest_route=%2Fwp%2Fv2%2Fcategories&post=2852"},{"taxonomy":"post_tag","embeddable":true,"href":"https:\/\/storytellers.se\/index.php?rest_route=%2Fwp%2Fv2%2Ftags&post=2852"}],"curies":[{"name":"wp","href":"https:\/\/api.w.org\/{rel}","templated":true}]}}