{"id":2846,"date":"2010-10-26T14:11:40","date_gmt":"2010-10-26T13:11:40","guid":{"rendered":"http:\/\/heijbel.wordpress.com\/2010\/10\/26\/varfor-ska-man-halla-pa"},"modified":"2010-10-26T14:11:40","modified_gmt":"2010-10-26T13:11:40","slug":"varfor-ska-man-halla-pa","status":"publish","type":"post","link":"https:\/\/storytellers.se\/?p=2846","title":{"rendered":"Varf\u00f6r ska man h\u00e5lla p\u00e5?"},"content":{"rendered":"<p>N\u00e4r jag var med PR-F\u00f6retagen hos <em>MyNewsdesk<\/em> blev jag internvjuad av <strong>Pernilla \u00c5str\u00f6m<\/strong>. <a href=\"http:\/\/www.mynewsdesk.com\/se\/pressroom\/newsdesk\/video\/view\/corporate-storytelling-i-sociala-medier-matts-heibel-paa-besoek-hos-mynewsdesk-3972\"><em><strong>Se sj\u00e4lv<\/strong><\/em><\/a>.<\/p>\n","protected":false},"excerpt":{"rendered":"<p>N\u00e4r jag var med PR-F\u00f6retagen hos MyNewsdesk blev jag internvjuad av Pernilla \u00c5str\u00f6m. Se sj\u00e4lv.<\/p>\n","protected":false},"author":2,"featured_media":0,"comment_status":"open","ping_status":"closed","sticky":false,"template":"","format":"standard","meta":[],"categories":[3],"tags":[],"_links":{"self":[{"href":"https:\/\/storytellers.se\/index.php?rest_route=\/wp\/v2\/posts\/2846"}],"collection":[{"href":"https:\/\/storytellers.se\/index.php?rest_route=\/wp\/v2\/posts"}],"about":[{"href":"https:\/\/storytellers.se\/index.php?rest_route=\/wp\/v2\/types\/post"}],"author":[{"embeddable":true,"href":"https:\/\/storytellers.se\/index.php?rest_route=\/wp\/v2\/users\/2"}],"replies":[{"embeddable":true,"href":"https:\/\/storytellers.se\/index.php?rest_route=%2Fwp%2Fv2%2Fcomments&post=2846"}],"version-history":[{"count":0,"href":"https:\/\/storytellers.se\/index.php?rest_route=\/wp\/v2\/posts\/2846\/revisions"}],"wp:attachment":[{"href":"https:\/\/storytellers.se\/index.php?rest_route=%2Fwp%2Fv2%2Fmedia&parent=2846"}],"wp:term":[{"taxonomy":"category","embeddable":true,"href":"https:\/\/storytellers.se\/index.php?rest_route=%2Fwp%2Fv2%2Fcategories&post=2846"},{"taxonomy":"post_tag","embeddable":true,"href":"https:\/\/storytellers.se\/index.php?rest_route=%2Fwp%2Fv2%2Ftags&post=2846"}],"curies":[{"name":"wp","href":"https:\/\/api.w.org\/{rel}","templated":true}]}}