{"id":2834,"date":"2010-10-21T12:08:53","date_gmt":"2010-10-21T11:08:53","guid":{"rendered":"http:\/\/heijbel.wordpress.com\/2010\/10\/21\/holl-seminarium-for-pr-folk"},"modified":"2010-10-21T12:08:53","modified_gmt":"2010-10-21T11:08:53","slug":"holl-seminarium-for-pr-folk","status":"publish","type":"post","link":"https:\/\/storytellers.se\/?p=2834","title":{"rendered":"H\u00f6ll seminarium f\u00f6r PR-folk"},"content":{"rendered":"<p>I dag p\u00e5 morgonen h\u00f6ll jag ett seminarium f\u00f6r n\u00e4rmare 50 personer, i huvudsak fr\u00e5n PR-branschen. Arrang\u00f6r var <a href=\"http:\/\/www.svenskaprforetagen.se\/\"><em><strong>Svenska PR-f\u00f6retagen<\/strong><\/em><\/a>. Vi h\u00f6ll till i MyNewsdesks nya lokaler p\u00e5 Rosenlundsgatan p\u00e5 S\u00f6dermalm. <a href=\"http:\/\/www.mynewsdesk.com\/se\/pressroom\/newsdesk\/blog_post\/view\/storytelling-aer-story-listening-saeger-matts-heijbel-paa-seminariet-corporate-storytelling-i-sociala-medier-3018\"><em><strong>Bloggintervju hos MyNewsdesk<\/strong><\/em><\/a>. Jag talade under seminariet om vikten av att &#8221;<em>storylistna<\/em>&#8221; och &#8221;<em>storytella<\/em>&#8221; genomt\u00e4nkt var man \u00e4n befinner sig. F\u00f6r det kr\u00e4vs f\u00f6rst\u00e5s en <em>listener<\/em> to be be a <em>teller<\/em>.<br \/>\nDetta g\u00e4ller vid l\u00e4gerelden i skogen eller vid den sociala webbens alla l\u00e4gereldar d\u00e4r dialoger och nya gemenskaper byggs. Vill man p\u00e5verka snacket f\u00e5r man allts\u00e5 delta och bjuda p\u00e5 v\u00e4l valda emotionella bilder sk\u00f6rdade fr\u00e5n verkligheten. D\u00e5 s\u00e4tter man storytellingkonceptet i arbete.<\/p>\n","protected":false},"excerpt":{"rendered":"<p>I dag p\u00e5 morgonen h\u00f6ll jag ett seminarium f\u00f6r n\u00e4rmare 50 personer, i huvudsak fr\u00e5n PR-branschen. Arrang\u00f6r var Svenska PR-f\u00f6retagen. Vi h\u00f6ll till i MyNewsdesks nya lokaler p\u00e5 Rosenlundsgatan p\u00e5 S\u00f6dermalm. Bloggintervju hos MyNewsdesk. Jag talade under seminariet om vikten av att &#8221;storylistna&#8221; och &#8221;storytella&#8221; genomt\u00e4nkt var man \u00e4n befinner sig. F\u00f6r det kr\u00e4vs f\u00f6rst\u00e5s&#8230;<\/p>\n","protected":false},"author":2,"featured_media":0,"comment_status":"open","ping_status":"closed","sticky":false,"template":"","format":"standard","meta":[],"categories":[2],"tags":[],"_links":{"self":[{"href":"https:\/\/storytellers.se\/index.php?rest_route=\/wp\/v2\/posts\/2834"}],"collection":[{"href":"https:\/\/storytellers.se\/index.php?rest_route=\/wp\/v2\/posts"}],"about":[{"href":"https:\/\/storytellers.se\/index.php?rest_route=\/wp\/v2\/types\/post"}],"author":[{"embeddable":true,"href":"https:\/\/storytellers.se\/index.php?rest_route=\/wp\/v2\/users\/2"}],"replies":[{"embeddable":true,"href":"https:\/\/storytellers.se\/index.php?rest_route=%2Fwp%2Fv2%2Fcomments&post=2834"}],"version-history":[{"count":0,"href":"https:\/\/storytellers.se\/index.php?rest_route=\/wp\/v2\/posts\/2834\/revisions"}],"wp:attachment":[{"href":"https:\/\/storytellers.se\/index.php?rest_route=%2Fwp%2Fv2%2Fmedia&parent=2834"}],"wp:term":[{"taxonomy":"category","embeddable":true,"href":"https:\/\/storytellers.se\/index.php?rest_route=%2Fwp%2Fv2%2Fcategories&post=2834"},{"taxonomy":"post_tag","embeddable":true,"href":"https:\/\/storytellers.se\/index.php?rest_route=%2Fwp%2Fv2%2Ftags&post=2834"}],"curies":[{"name":"wp","href":"https:\/\/api.w.org\/{rel}","templated":true}]}}