{"id":2830,"date":"2010-10-18T15:23:00","date_gmt":"2010-10-18T14:23:00","guid":{"rendered":"http:\/\/heijbel.wordpress.com\/2010\/10\/18\/storytelling-hos-electrolux"},"modified":"2010-10-18T15:23:00","modified_gmt":"2010-10-18T14:23:00","slug":"storytelling-hos-electrolux","status":"publish","type":"post","link":"https:\/\/storytellers.se\/?p=2830","title":{"rendered":"Storytelling hos Electrolux"},"content":{"rendered":"<p>I fredags hade jag en frukostf\u00f6rel\u00e4sning hos <strong>Electrolux<\/strong> d\u00e4r jag p\u00e5 huvudkontoret tr\u00e4ffade de flesta av deras centrala kommunikat\u00f6rer. Vi diskuterade den speciella situation som g\u00e4ller f\u00f6r ett stort internationellt f\u00f6retag som r\u00f6r sig p\u00e5 m\u00e5nga marknader och som steg f\u00f6r steg h\u00e5ller p\u00e5 att f\u00f6rflytta fokus fr\u00e5n att vara maskintillverkare till att s\u00f6ka sig n\u00e4rmare slut kunden vilket bland annat inneb\u00e4r att Electrolux bokstavlingen bes\u00f6ker m\u00e4nniskor i deras hem f\u00f6r att diskutera produkter och produktutveckling. Sp\u00e4nnande och n\u00e5got som verkligen skulle kunna paketeras i ber\u00e4ttelser.<br \/>\nElectrolux grundades av <strong>Axel Wenner-Gren<\/strong> sen denne en dag f\u00f6r cirka 100 \u00e5r sen hamnade framf\u00f6r ett skyltf\u00f6nster i Wien och s\u00e5g den nya amerikanska underverket &#8211; en dammsugare. Men det \u00e4r en annan ber\u00e4ttelse och jag tror Electrolux i dag lika g\u00e4rna s\u00f6ker visionsber\u00e4ttelser som bygger framtid f\u00f6r kunder och de drygt 50.000 anst\u00e4llda.<\/p>\n","protected":false},"excerpt":{"rendered":"<p>I fredags hade jag en frukostf\u00f6rel\u00e4sning hos Electrolux d\u00e4r jag p\u00e5 huvudkontoret tr\u00e4ffade de flesta av deras centrala kommunikat\u00f6rer. Vi diskuterade den speciella situation som g\u00e4ller f\u00f6r ett stort internationellt f\u00f6retag som r\u00f6r sig p\u00e5 m\u00e5nga marknader och som steg f\u00f6r steg h\u00e5ller p\u00e5 att f\u00f6rflytta fokus fr\u00e5n att vara maskintillverkare till att s\u00f6ka sig&#8230;<\/p>\n","protected":false},"author":2,"featured_media":0,"comment_status":"open","ping_status":"closed","sticky":false,"template":"","format":"standard","meta":[],"categories":[2],"tags":[],"_links":{"self":[{"href":"https:\/\/storytellers.se\/index.php?rest_route=\/wp\/v2\/posts\/2830"}],"collection":[{"href":"https:\/\/storytellers.se\/index.php?rest_route=\/wp\/v2\/posts"}],"about":[{"href":"https:\/\/storytellers.se\/index.php?rest_route=\/wp\/v2\/types\/post"}],"author":[{"embeddable":true,"href":"https:\/\/storytellers.se\/index.php?rest_route=\/wp\/v2\/users\/2"}],"replies":[{"embeddable":true,"href":"https:\/\/storytellers.se\/index.php?rest_route=%2Fwp%2Fv2%2Fcomments&post=2830"}],"version-history":[{"count":0,"href":"https:\/\/storytellers.se\/index.php?rest_route=\/wp\/v2\/posts\/2830\/revisions"}],"wp:attachment":[{"href":"https:\/\/storytellers.se\/index.php?rest_route=%2Fwp%2Fv2%2Fmedia&parent=2830"}],"wp:term":[{"taxonomy":"category","embeddable":true,"href":"https:\/\/storytellers.se\/index.php?rest_route=%2Fwp%2Fv2%2Fcategories&post=2830"},{"taxonomy":"post_tag","embeddable":true,"href":"https:\/\/storytellers.se\/index.php?rest_route=%2Fwp%2Fv2%2Ftags&post=2830"}],"curies":[{"name":"wp","href":"https:\/\/api.w.org\/{rel}","templated":true}]}}