{"id":2828,"date":"2010-10-14T16:35:54","date_gmt":"2010-10-14T15:35:54","guid":{"rendered":"http:\/\/heijbel.wordpress.com\/2010\/10\/14\/boken-blev-prisad"},"modified":"2010-10-14T16:35:54","modified_gmt":"2010-10-14T15:35:54","slug":"boken-blev-prisad","status":"publish","type":"post","link":"https:\/\/storytellers.se\/?p=2828","title":{"rendered":"Boken blev prisad"},"content":{"rendered":"<p>Jag fick i dag beskedet att jag kom p\u00e5 andra plats i t\u00e4vlingen <a href=\"http:\/\/svemarknad.se\/projekt-initiativ\/utmarkelser\/arets-marknadsforingsbok\/\"><em><strong>\u00c5rets Marknadsf\u00f6ringsbok i Sverige 2010<\/strong><\/em><\/a>. P\u00e5 Tendensdagen p\u00e5 <em>Berns\/Chinateatern<\/em> fick jag mitt diplom. Jag \u00e4r stolt och glad och p\u00e5 n\u00e5got s\u00e4tt ocks\u00e5 bel\u00e5ten \u00f6ver att Sveriges Marknadsf\u00f6rbund anser att detta \u00e4r bland det viktigaste som givits ut i \u00e5r p\u00e5 marknadsf\u00f6ringsfronten. Det k\u00e4nns lite som att 10 \u00e5rs arbete \u00e4ntligen f\u00e5r fullt geh\u00f6r.<br \/>\n<strong>Varum\u00e4rket inifr\u00e5n och ut<\/strong> av Tommy Falonius vann. <strong>Storytelling befolkar varum\u00e4rket<\/strong> delade andra platsen med <strong>Eco-branding<\/strong> av Mats Persson och Sune Hemberg i och med v\u00e5ra b\u00f6ckers hedersomn\u00e4mnanden.<\/p>\n","protected":false},"excerpt":{"rendered":"<p>Jag fick i dag beskedet att jag kom p\u00e5 andra plats i t\u00e4vlingen \u00c5rets Marknadsf\u00f6ringsbok i Sverige 2010. P\u00e5 Tendensdagen p\u00e5 Berns\/Chinateatern fick jag mitt diplom. Jag \u00e4r stolt och glad och p\u00e5 n\u00e5got s\u00e4tt ocks\u00e5 bel\u00e5ten \u00f6ver att Sveriges Marknadsf\u00f6rbund anser att detta \u00e4r bland det viktigaste som givits ut i \u00e5r p\u00e5 marknadsf\u00f6ringsfronten&#8230;.<\/p>\n","protected":false},"author":2,"featured_media":0,"comment_status":"open","ping_status":"closed","sticky":false,"template":"","format":"standard","meta":[],"categories":[2],"tags":[],"_links":{"self":[{"href":"https:\/\/storytellers.se\/index.php?rest_route=\/wp\/v2\/posts\/2828"}],"collection":[{"href":"https:\/\/storytellers.se\/index.php?rest_route=\/wp\/v2\/posts"}],"about":[{"href":"https:\/\/storytellers.se\/index.php?rest_route=\/wp\/v2\/types\/post"}],"author":[{"embeddable":true,"href":"https:\/\/storytellers.se\/index.php?rest_route=\/wp\/v2\/users\/2"}],"replies":[{"embeddable":true,"href":"https:\/\/storytellers.se\/index.php?rest_route=%2Fwp%2Fv2%2Fcomments&post=2828"}],"version-history":[{"count":0,"href":"https:\/\/storytellers.se\/index.php?rest_route=\/wp\/v2\/posts\/2828\/revisions"}],"wp:attachment":[{"href":"https:\/\/storytellers.se\/index.php?rest_route=%2Fwp%2Fv2%2Fmedia&parent=2828"}],"wp:term":[{"taxonomy":"category","embeddable":true,"href":"https:\/\/storytellers.se\/index.php?rest_route=%2Fwp%2Fv2%2Fcategories&post=2828"},{"taxonomy":"post_tag","embeddable":true,"href":"https:\/\/storytellers.se\/index.php?rest_route=%2Fwp%2Fv2%2Ftags&post=2828"}],"curies":[{"name":"wp","href":"https:\/\/api.w.org\/{rel}","templated":true}]}}