{"id":2824,"date":"2010-10-13T16:15:55","date_gmt":"2010-10-13T15:15:55","guid":{"rendered":"http:\/\/heijbel.wordpress.com\/2010\/10\/13\/chefsseminarium-i-vasteras-stad"},"modified":"2010-10-13T16:15:55","modified_gmt":"2010-10-13T15:15:55","slug":"chefsseminarium-i-vasteras-stad","status":"publish","type":"post","link":"https:\/\/storytellers.se\/?p=2824","title":{"rendered":"Chefsseminarium i V\u00e4ster\u00e5s stad"},"content":{"rendered":"<p>Jag h\u00e5ller f\u00f6r n\u00e4rvarande p\u00e5 att l\u00e4gga det chefsseminarium med tillh\u00f6rande sk\u00f6rdefest som jag ska h\u00e5lla med chefer i <strong>V\u00e4ster\u00e5s stad<\/strong> i slutet av oktober. V\u00e4ster\u00e5s \u00e4r ytterligare en av de kommunala organisationerna som ber mig komma eftersom de intresserar sig f\u00f6r storytelling i varum\u00e4rkesbyggande, ledarskap och rekrytering. Det h\u00e4r \u00e4r mycket bra verktyg n\u00e4r man vill synligg\u00f6ra vad man egentligen menar med sina v\u00e4rdeord.<\/p>\n","protected":false},"excerpt":{"rendered":"<p>Jag h\u00e5ller f\u00f6r n\u00e4rvarande p\u00e5 att l\u00e4gga det chefsseminarium med tillh\u00f6rande sk\u00f6rdefest som jag ska h\u00e5lla med chefer i V\u00e4ster\u00e5s stad i slutet av oktober. V\u00e4ster\u00e5s \u00e4r ytterligare en av de kommunala organisationerna som ber mig komma eftersom de intresserar sig f\u00f6r storytelling i varum\u00e4rkesbyggande, ledarskap och rekrytering. Det h\u00e4r \u00e4r mycket bra verktyg n\u00e4r&#8230;<\/p>\n","protected":false},"author":2,"featured_media":0,"comment_status":"open","ping_status":"closed","sticky":false,"template":"","format":"standard","meta":[],"categories":[9],"tags":[],"_links":{"self":[{"href":"https:\/\/storytellers.se\/index.php?rest_route=\/wp\/v2\/posts\/2824"}],"collection":[{"href":"https:\/\/storytellers.se\/index.php?rest_route=\/wp\/v2\/posts"}],"about":[{"href":"https:\/\/storytellers.se\/index.php?rest_route=\/wp\/v2\/types\/post"}],"author":[{"embeddable":true,"href":"https:\/\/storytellers.se\/index.php?rest_route=\/wp\/v2\/users\/2"}],"replies":[{"embeddable":true,"href":"https:\/\/storytellers.se\/index.php?rest_route=%2Fwp%2Fv2%2Fcomments&post=2824"}],"version-history":[{"count":0,"href":"https:\/\/storytellers.se\/index.php?rest_route=\/wp\/v2\/posts\/2824\/revisions"}],"wp:attachment":[{"href":"https:\/\/storytellers.se\/index.php?rest_route=%2Fwp%2Fv2%2Fmedia&parent=2824"}],"wp:term":[{"taxonomy":"category","embeddable":true,"href":"https:\/\/storytellers.se\/index.php?rest_route=%2Fwp%2Fv2%2Fcategories&post=2824"},{"taxonomy":"post_tag","embeddable":true,"href":"https:\/\/storytellers.se\/index.php?rest_route=%2Fwp%2Fv2%2Ftags&post=2824"}],"curies":[{"name":"wp","href":"https:\/\/api.w.org\/{rel}","templated":true}]}}