{"id":2816,"date":"2010-10-11T16:09:49","date_gmt":"2010-10-11T15:09:49","guid":{"rendered":"http:\/\/heijbel.wordpress.com\/2010\/10\/11\/ska-traffa-nykopings-chefer"},"modified":"2010-10-11T16:09:49","modified_gmt":"2010-10-11T15:09:49","slug":"ska-traffa-nykopings-chefer","status":"publish","type":"post","link":"https:\/\/storytellers.se\/?p=2816","title":{"rendered":"Ska tr\u00e4ffa Nyk\u00f6pings chefer"},"content":{"rendered":"<p>Jag har f\u00e5tt i uppdrag att h\u00e5lla en halv dag med <strong>Nyk\u00f6pings<\/strong> alla chefer i november. Nyk\u00f6ping anser att det kan vara en viktig kunskap att se och anv\u00e4nda ber\u00e4ttelser sk\u00f6rdade ur verksamheten f\u00f6r att visa kompetensen i kommunen.<br \/>\nJag har tidigare haft uppdrag hos ett drygt halvdussin kommuner. Storytelling i och om kommunal verksamhet kan underl\u00e4tta ledarskap, vara till nytta vid rekrytering, vinna legitimitet mot skattebetalare och bidra till att \u00f6verf\u00f6ra kunskap mellan medarbetare och mellan olika delar av den kommunala verksamheten.<\/p>\n","protected":false},"excerpt":{"rendered":"<p>Jag har f\u00e5tt i uppdrag att h\u00e5lla en halv dag med Nyk\u00f6pings alla chefer i november. Nyk\u00f6ping anser att det kan vara en viktig kunskap att se och anv\u00e4nda ber\u00e4ttelser sk\u00f6rdade ur verksamheten f\u00f6r att visa kompetensen i kommunen. Jag har tidigare haft uppdrag hos ett drygt halvdussin kommuner. Storytelling i och om kommunal verksamhet&#8230;<\/p>\n","protected":false},"author":2,"featured_media":0,"comment_status":"open","ping_status":"closed","sticky":false,"template":"","format":"standard","meta":[],"categories":[9],"tags":[],"_links":{"self":[{"href":"https:\/\/storytellers.se\/index.php?rest_route=\/wp\/v2\/posts\/2816"}],"collection":[{"href":"https:\/\/storytellers.se\/index.php?rest_route=\/wp\/v2\/posts"}],"about":[{"href":"https:\/\/storytellers.se\/index.php?rest_route=\/wp\/v2\/types\/post"}],"author":[{"embeddable":true,"href":"https:\/\/storytellers.se\/index.php?rest_route=\/wp\/v2\/users\/2"}],"replies":[{"embeddable":true,"href":"https:\/\/storytellers.se\/index.php?rest_route=%2Fwp%2Fv2%2Fcomments&post=2816"}],"version-history":[{"count":0,"href":"https:\/\/storytellers.se\/index.php?rest_route=\/wp\/v2\/posts\/2816\/revisions"}],"wp:attachment":[{"href":"https:\/\/storytellers.se\/index.php?rest_route=%2Fwp%2Fv2%2Fmedia&parent=2816"}],"wp:term":[{"taxonomy":"category","embeddable":true,"href":"https:\/\/storytellers.se\/index.php?rest_route=%2Fwp%2Fv2%2Fcategories&post=2816"},{"taxonomy":"post_tag","embeddable":true,"href":"https:\/\/storytellers.se\/index.php?rest_route=%2Fwp%2Fv2%2Ftags&post=2816"}],"curies":[{"name":"wp","href":"https:\/\/api.w.org\/{rel}","templated":true}]}}