{"id":2812,"date":"2010-10-08T11:58:31","date_gmt":"2010-10-08T10:58:31","guid":{"rendered":"http:\/\/heijbel.wordpress.com\/2010\/10\/08\/inte-maskulin-sandarkommunikation"},"modified":"2010-10-08T11:58:31","modified_gmt":"2010-10-08T10:58:31","slug":"inte-maskulin-sandarkommunikation","status":"publish","type":"post","link":"https:\/\/storytellers.se\/?p=2812","title":{"rendered":"Inte maskulin s\u00e4ndarkommunikation"},"content":{"rendered":"<p>B\u00e5de <em>Kina<\/em> och <em>Indien<\/em> har befolkningar p\u00e5 en bra bit \u00f6ver en miljard. Men sen kommer &#8221;frivillignationen&#8221; <em>Facebook<\/em>, med en befolkning p\u00e5 cirka 500 miljoner m\u00e4nniskor.<br \/>\nN\u00e4r tidningen <em>Times<\/em> 2009 hade en omr\u00f6stning om titeln v\u00e4rldens mest inflytelserika person vann inte <strong>Obama<\/strong> eller <strong>Mandela<\/strong> utan <strong>Moot<\/strong>, dvs den i dag 22-\u00e5rige <strong>Christopher Poole<\/strong>, som 15 \u00e5r gammal startade n\u00e4tforumet <a href=\"http:\/\/www.4chan.org\/\"><em><strong>4chan<\/strong><\/em><\/a> som i dag har  8,2 miljoner unika bes\u00f6kare i m\u00e5naden, enligt <a href=\"http:\/\/www.expressen.se\/prylar\/1.2163083\/tonaringar-som-vaxte-upp-med-internet-tar-makten\"><em><strong>Expressens Andreas Nordstr\u00f6m<\/strong><\/em><\/a>.<br \/>\nSociala mediernas m\u00f6tesplatser skapades ofta av ton\u00e5ringar och deras kompisar utg\u00f6r f\u00f6rst\u00e5s ocks\u00e5 den v\u00e4xande marknaden f\u00f6r en stor del av v\u00e4rldens aff\u00e4rer.<br \/>\nDe unga har aldrig levt i en v\u00e4rld utan internet. De har den sociala webben i blodet. De deltar i ett gigantiskt globalt samtal.<br \/>\nDet samtalet b\u00f6r alla som med kommersiella avsikter vill h\u00e5lla p\u00e5 med Storytelling lyssna till och f\u00f6rh\u00e5lla sig till.<br \/>\nDet nya, j\u00e4mf\u00f6rt med den gamla maskulina s\u00e4ndarkommunikationen, \u00e4r att detta inte \u00e4r en v\u00e4rld d\u00e4r minaretuts\u00e4ndningar passar, utan en plats som bygger p\u00e5 dialog och gemenskap och m\u00f6jligheten att s\u00f6ka och v\u00e4lja.<br \/>\nVad s\u00e4ger de? Vad tycker de? Vad har du att till\u00e4gga?<\/p>\n","protected":false},"excerpt":{"rendered":"<p>B\u00e5de Kina och Indien har befolkningar p\u00e5 en bra bit \u00f6ver en miljard. Men sen kommer &#8221;frivillignationen&#8221; Facebook, med en befolkning p\u00e5 cirka 500 miljoner m\u00e4nniskor. N\u00e4r tidningen Times 2009 hade en omr\u00f6stning om titeln v\u00e4rldens mest inflytelserika person vann inte Obama eller Mandela utan Moot, dvs den i dag 22-\u00e5rige Christopher Poole, som 15&#8230;<\/p>\n","protected":false},"author":2,"featured_media":0,"comment_status":"open","ping_status":"closed","sticky":false,"template":"","format":"standard","meta":[],"categories":[2],"tags":[],"_links":{"self":[{"href":"https:\/\/storytellers.se\/index.php?rest_route=\/wp\/v2\/posts\/2812"}],"collection":[{"href":"https:\/\/storytellers.se\/index.php?rest_route=\/wp\/v2\/posts"}],"about":[{"href":"https:\/\/storytellers.se\/index.php?rest_route=\/wp\/v2\/types\/post"}],"author":[{"embeddable":true,"href":"https:\/\/storytellers.se\/index.php?rest_route=\/wp\/v2\/users\/2"}],"replies":[{"embeddable":true,"href":"https:\/\/storytellers.se\/index.php?rest_route=%2Fwp%2Fv2%2Fcomments&post=2812"}],"version-history":[{"count":0,"href":"https:\/\/storytellers.se\/index.php?rest_route=\/wp\/v2\/posts\/2812\/revisions"}],"wp:attachment":[{"href":"https:\/\/storytellers.se\/index.php?rest_route=%2Fwp%2Fv2%2Fmedia&parent=2812"}],"wp:term":[{"taxonomy":"category","embeddable":true,"href":"https:\/\/storytellers.se\/index.php?rest_route=%2Fwp%2Fv2%2Fcategories&post=2812"},{"taxonomy":"post_tag","embeddable":true,"href":"https:\/\/storytellers.se\/index.php?rest_route=%2Fwp%2Fv2%2Ftags&post=2812"}],"curies":[{"name":"wp","href":"https:\/\/api.w.org\/{rel}","templated":true}]}}