{"id":2808,"date":"2010-10-07T12:07:41","date_gmt":"2010-10-07T11:07:41","guid":{"rendered":"http:\/\/heijbel.wordpress.com\/2010\/10\/07\/lagereldar-i-den-sociala-webben"},"modified":"2010-10-07T12:07:41","modified_gmt":"2010-10-07T11:07:41","slug":"lagereldar-i-den-sociala-webben","status":"publish","type":"post","link":"https:\/\/storytellers.se\/?p=2808","title":{"rendered":"L\u00e4gereldar i den sociala webben"},"content":{"rendered":"<p>L\u00e4gereldar har alltid funnits. M\u00e4nniskans kultur har odlats d\u00e4r. I dag finns m\u00e5nga av l\u00e4gereldarna i det vi kallar den sociala webben. Miljontals sm\u00e5 och stora m\u00f6tesplatser. M\u00e5nga f\u00f6retag talar f\u00f6ljaktligen numera om att de m\u00e5ste anv\u00e4nda sig av den sociala webben och jag f\u00e5r ofta fr\u00e5gor om detta.<br \/>\nJag har varit intresserad av musik i hela mitt liv. Jag har&#8230;<\/p>\n<p><!--more--><br \/>\n&#8230;spelat och jag har sjungit.<br \/>\nN\u00e4r jag var i 20-\u00e5rs\u00e5ldern var jag mycket intresserad av folkmusik i alla dess former. Jag reste runt p\u00e5 somrarna och bes\u00f6kte olika festivaler och spelmansst\u00e4mmor. Ofta t\u00e4ltade vi och m\u00e5nga g\u00e5nger fanns d\u00e4r eldar som brann dygnet runt. D\u00e4r satt jag. Vid l\u00e4gerelden.<br \/>\nJag kunde bli sittande i timmar i samtal med m\u00e4nniskor som jag kanske aldrig hade tr\u00e4ffat tidigare. Vi var intresserade av musiken och s\u00e5ngerna och vi trivdes i skogen i sommarnatten. Vi byggde relationer.<br \/>\nD\u00e4r l\u00e4rde jag mig mycket och jag kunde dela med mig av mina erfarenheter. Jag var d\u00e4r f\u00f6r att jag ville och jag k\u00e4nde ofta stort f\u00f6rtroende f\u00f6r dem jag samtalade med. Det var en social plats, kanske ett slags socialt rum d\u00e4r runt elden. Jag trodde p\u00e5 det mina nyvunna v\u00e4nner sa.<br \/>\nOm vi l\u00e5tsas att n\u00e5gon i dag fr\u00e5gar mig vad jag jobbar med och hur det g\u00e5r till och svaret \u00e4r att jag, l\u00e5t oss s\u00e4ga, \u00e4r en IT-konsult s\u00e5 kanske jag svarar att:<br \/>\n<em>V\u00e5r framg\u00e5ng bygger p\u00e5 riktigt n\u00f6jda kunder. F\u00f6r att uppn\u00e5 det erbjuder vi tj\u00e4nster som fungerar dygnet runt, \u00e5ret om. Det inneb\u00e4r att v\u00e5ra kunder fullt ut kan fokusera p\u00e5 k\u00e4rnaff\u00e4ren utan kostsamma driftst\u00f6rningar. Vi  kan ta ansvar f\u00f6r hela eller delar av v\u00e5ra kunders IT.<\/em><br \/>\nS\u00e5 kan man inte tala vid l\u00e4gerelden i skogen. Inte heller vid den l\u00e4gereld som vi kallar den sociala webben.<br \/>\nM\u00e5nga talar om den sociala webben men t\u00e4nker inte p\u00e5 att i den sociala webben, precis som vid l\u00e4gerelden i skogen, b\u00f6r man lyssna och ber\u00e4tta s\u00e5 att de andra kring elden f\u00f6rst\u00e5r och blir ber\u00f6rda.<br \/>\nH\u00e4r kan beh\u00f6vas exempelvis en befolkad story f\u00f6r att n\u00e5 fram.<br \/>\nDet \u00e4r det det handlar om n\u00e4r man talar om <em>storytelling i den sociala webben<\/em>. Den som kommer och s\u00e4tter sig och basunerar ut ett icke-emotionellt budskap blir snart negligerad. Den som d\u00e4remot lyssnar in, \u00e4r intresserad och kommunicerar blir insl\u00e4ppt.<br \/>\nDet \u00e4r den intimiteten och enkelheten, som faktiskt finns i stor utstr\u00e4ckning i den sociala webben, som b\u00e4ddar f\u00f6r framg\u00e5ng om man talar om storytelling\/storylistening i den sociala webben.<br \/>\nS\u00e4tt dig allts\u00e5 g\u00e4rna vid l\u00e4gerelden, men lyssna av den f\u00f6rst och reflektera \u00f6ver vad du har att tillf\u00f6ra. Sen kan du g\u00e4rna vara rak och enkel och bygga nya v\u00e4nskapsrelationer.<\/p>\n","protected":false},"excerpt":{"rendered":"<p>L\u00e4gereldar har alltid funnits. M\u00e4nniskans kultur har odlats d\u00e4r. I dag finns m\u00e5nga av l\u00e4gereldarna i det vi kallar den sociala webben. Miljontals sm\u00e5 och stora m\u00f6tesplatser. M\u00e5nga f\u00f6retag talar f\u00f6ljaktligen numera om att de m\u00e5ste anv\u00e4nda sig av den sociala webben och jag f\u00e5r ofta fr\u00e5gor om detta. Jag har varit intresserad av musik&#8230;<\/p>\n","protected":false},"author":2,"featured_media":0,"comment_status":"open","ping_status":"closed","sticky":false,"template":"","format":"standard","meta":[],"categories":[2],"tags":[],"_links":{"self":[{"href":"https:\/\/storytellers.se\/index.php?rest_route=\/wp\/v2\/posts\/2808"}],"collection":[{"href":"https:\/\/storytellers.se\/index.php?rest_route=\/wp\/v2\/posts"}],"about":[{"href":"https:\/\/storytellers.se\/index.php?rest_route=\/wp\/v2\/types\/post"}],"author":[{"embeddable":true,"href":"https:\/\/storytellers.se\/index.php?rest_route=\/wp\/v2\/users\/2"}],"replies":[{"embeddable":true,"href":"https:\/\/storytellers.se\/index.php?rest_route=%2Fwp%2Fv2%2Fcomments&post=2808"}],"version-history":[{"count":0,"href":"https:\/\/storytellers.se\/index.php?rest_route=\/wp\/v2\/posts\/2808\/revisions"}],"wp:attachment":[{"href":"https:\/\/storytellers.se\/index.php?rest_route=%2Fwp%2Fv2%2Fmedia&parent=2808"}],"wp:term":[{"taxonomy":"category","embeddable":true,"href":"https:\/\/storytellers.se\/index.php?rest_route=%2Fwp%2Fv2%2Fcategories&post=2808"},{"taxonomy":"post_tag","embeddable":true,"href":"https:\/\/storytellers.se\/index.php?rest_route=%2Fwp%2Fv2%2Ftags&post=2808"}],"curies":[{"name":"wp","href":"https:\/\/api.w.org\/{rel}","templated":true}]}}