{"id":2806,"date":"2010-10-06T15:43:01","date_gmt":"2010-10-06T14:43:01","guid":{"rendered":"http:\/\/heijbel.wordpress.com\/2010\/10\/06\/talar-hos-pr-foretagen-21-okt"},"modified":"2010-10-06T15:43:01","modified_gmt":"2010-10-06T14:43:01","slug":"talar-hos-pr-foretagen-21-okt","status":"publish","type":"post","link":"https:\/\/storytellers.se\/?p=2806","title":{"rendered":"Talar hos PR-f\u00f6retagen 21 okt"},"content":{"rendered":"<p>Den 21 oktober ska jag h\u00e5lla ett  <a href=\"http:\/\/profsweden.ning.com\/events\/vaelkomna-paa\"><em><strong>frukostseminarium<\/strong><\/em><\/a> arrangerat av Svenska PR-f\u00f6retagen. Det \u00e4r ett \u00f6ppet seminarium utan entr\u00e9kostnad med rubriken <em>Corporate Storytelling i sociala medier<\/em>. Jag kommer att tala om relation och inneh\u00e5ll i allt lyssnande och ber\u00e4ttande n\u00e4r det g\u00e4ller Corporate Storytelling.<br \/>\nD\u00e4r utg\u00f6r f\u00f6rst\u00e5s de sociala medierna miljoner och \u00e5ter miljoner sm\u00e5 l\u00e4gereldar. Det hela genomf\u00f6rs mellan 08.00-09.15 hos MyNewsdesk som har kontor p\u00e5 Rosenlundsgatan 40, p\u00e5 S\u00f6der i Stockholm . Efter frukost inleds seminariet kl 08.30.<br \/>\nAnm\u00e4lan till <a href=\"mailto:hedvig.blext@republicrelations.se\">hedvig.blext@republicrelations.se<\/a><br \/>\nJag kommer att ha med min bok <strong>Storytelling befolkar varum\u00e4rket<\/strong> som nu \u00e4r i final som <em>\u00c5rets Marknadsf\u00f6ringsbok 2010<\/em>. F\u00f6rlaget erbjuder den till f\u00f6rlagspris i samband med frukosten om n\u00e5gon vill passa p\u00e5 att k\u00f6pa eller best\u00e4lla.<\/p>\n","protected":false},"excerpt":{"rendered":"<p>Den 21 oktober ska jag h\u00e5lla ett frukostseminarium arrangerat av Svenska PR-f\u00f6retagen. Det \u00e4r ett \u00f6ppet seminarium utan entr\u00e9kostnad med rubriken Corporate Storytelling i sociala medier. Jag kommer att tala om relation och inneh\u00e5ll i allt lyssnande och ber\u00e4ttande n\u00e4r det g\u00e4ller Corporate Storytelling. D\u00e4r utg\u00f6r f\u00f6rst\u00e5s de sociala medierna miljoner och \u00e5ter miljoner sm\u00e5&#8230;<\/p>\n","protected":false},"author":2,"featured_media":0,"comment_status":"open","ping_status":"closed","sticky":false,"template":"","format":"standard","meta":[],"categories":[9],"tags":[],"_links":{"self":[{"href":"https:\/\/storytellers.se\/index.php?rest_route=\/wp\/v2\/posts\/2806"}],"collection":[{"href":"https:\/\/storytellers.se\/index.php?rest_route=\/wp\/v2\/posts"}],"about":[{"href":"https:\/\/storytellers.se\/index.php?rest_route=\/wp\/v2\/types\/post"}],"author":[{"embeddable":true,"href":"https:\/\/storytellers.se\/index.php?rest_route=\/wp\/v2\/users\/2"}],"replies":[{"embeddable":true,"href":"https:\/\/storytellers.se\/index.php?rest_route=%2Fwp%2Fv2%2Fcomments&post=2806"}],"version-history":[{"count":0,"href":"https:\/\/storytellers.se\/index.php?rest_route=\/wp\/v2\/posts\/2806\/revisions"}],"wp:attachment":[{"href":"https:\/\/storytellers.se\/index.php?rest_route=%2Fwp%2Fv2%2Fmedia&parent=2806"}],"wp:term":[{"taxonomy":"category","embeddable":true,"href":"https:\/\/storytellers.se\/index.php?rest_route=%2Fwp%2Fv2%2Fcategories&post=2806"},{"taxonomy":"post_tag","embeddable":true,"href":"https:\/\/storytellers.se\/index.php?rest_route=%2Fwp%2Fv2%2Ftags&post=2806"}],"curies":[{"name":"wp","href":"https:\/\/api.w.org\/{rel}","templated":true}]}}