{"id":2804,"date":"2010-09-28T13:40:54","date_gmt":"2010-09-28T12:40:54","guid":{"rendered":"http:\/\/heijbel.wordpress.com\/2010\/09\/28\/beratta-om-framtiden"},"modified":"2010-09-28T13:40:54","modified_gmt":"2010-09-28T12:40:54","slug":"beratta-om-framtiden","status":"publish","type":"post","link":"https:\/\/storytellers.se\/?p=2804","title":{"rendered":"Ber\u00e4tta om framtiden"},"content":{"rendered":"<p>M\u00e5nga som intresserar sig f\u00f6r <em>Storytelling i och om organisationer<\/em> tror att det man ber\u00e4ttar m\u00e5ste vara etablerat och kanske till och med passerat f\u00f6r att man ska kunna ber\u00e4tta om det. De t\u00e4nker att man kan inte ber\u00e4tta en story innan den \u00e4r historia.<br \/>\nDet d\u00e4r \u00e4r on\u00f6digt begr\u00e4nsande. Jag menar att&#8230;<\/p>\n<p><!--more--><br \/>\n&#8230;man har flera t\u00e4nkbara steg som pekar fram\u00e5t och g\u00f6r det l\u00e4ttare att t\u00e4nka p\u00e5 den tid som ska komma.<br \/>\n<strong><em>Ett<\/em><\/strong> \u00e4r att hela tiden s\u00f6ka i  nuet och i det f\u00f6rflutna efter h\u00e4ndelser som vi borde se mycket mer av. Man kan allts\u00e5 ber\u00e4tta om sm\u00e5 saker som inte n\u00f6dv\u00e4ndigtvis dominerar verksamheten. Kanske till och med om h\u00e4ndelser som finns hos andra men inte i den egna organisationen.<br \/>\nP\u00e5 s\u00e5 vis kan man g\u00f6ra den framtid, som vi \u00e4nnu inte upplevt, synlig. Kraftfulla ber\u00e4ttelser som kan g\u00f6ra oss vackra och framg\u00e5ngsrika. Ber\u00e4ttelser om h\u00e4ndelser som alla kan f\u00f6rst\u00e5.<br \/>\n<em><strong>Man kan ocks\u00e5,<\/strong><\/em> inom triben eller tillsammans med kunder och andra intressenter, sp\u00e5na fram ov\u00e4ntade scenarier som man skulle vilja se. Sen g\u00f6r man det och ber\u00e4ttar om vad man g\u00f6r.<br \/>\nDetta \u00e4r tekniker att regissera verkligheten och att g\u00f6ra en t\u00e4nkt framtid b\u00e5de synlig och m\u00f6jlig. Det ryms ocks\u00e5 inom den sanning som jag envist upprepar h\u00e4r, i min bok och mina utbildningar och seminarier.<\/p>\n","protected":false},"excerpt":{"rendered":"<p>M\u00e5nga som intresserar sig f\u00f6r Storytelling i och om organisationer tror att det man ber\u00e4ttar m\u00e5ste vara etablerat och kanske till och med passerat f\u00f6r att man ska kunna ber\u00e4tta om det. De t\u00e4nker att man kan inte ber\u00e4tta en story innan den \u00e4r historia. Det d\u00e4r \u00e4r on\u00f6digt begr\u00e4nsande. Jag menar att&#8230;<\/p>\n","protected":false},"author":2,"featured_media":0,"comment_status":"open","ping_status":"closed","sticky":false,"template":"","format":"standard","meta":[],"categories":[2],"tags":[],"_links":{"self":[{"href":"https:\/\/storytellers.se\/index.php?rest_route=\/wp\/v2\/posts\/2804"}],"collection":[{"href":"https:\/\/storytellers.se\/index.php?rest_route=\/wp\/v2\/posts"}],"about":[{"href":"https:\/\/storytellers.se\/index.php?rest_route=\/wp\/v2\/types\/post"}],"author":[{"embeddable":true,"href":"https:\/\/storytellers.se\/index.php?rest_route=\/wp\/v2\/users\/2"}],"replies":[{"embeddable":true,"href":"https:\/\/storytellers.se\/index.php?rest_route=%2Fwp%2Fv2%2Fcomments&post=2804"}],"version-history":[{"count":0,"href":"https:\/\/storytellers.se\/index.php?rest_route=\/wp\/v2\/posts\/2804\/revisions"}],"wp:attachment":[{"href":"https:\/\/storytellers.se\/index.php?rest_route=%2Fwp%2Fv2%2Fmedia&parent=2804"}],"wp:term":[{"taxonomy":"category","embeddable":true,"href":"https:\/\/storytellers.se\/index.php?rest_route=%2Fwp%2Fv2%2Fcategories&post=2804"},{"taxonomy":"post_tag","embeddable":true,"href":"https:\/\/storytellers.se\/index.php?rest_route=%2Fwp%2Fv2%2Ftags&post=2804"}],"curies":[{"name":"wp","href":"https:\/\/api.w.org\/{rel}","templated":true}]}}