{"id":2796,"date":"2010-09-24T13:14:48","date_gmt":"2010-09-24T12:14:48","guid":{"rendered":"http:\/\/heijbel.wordpress.com\/2010\/09\/24\/manga-pa-bokseminarium"},"modified":"2010-09-24T13:14:48","modified_gmt":"2010-09-24T12:14:48","slug":"manga-pa-bokseminarium","status":"publish","type":"post","link":"https:\/\/storytellers.se\/?p=2796","title":{"rendered":"M\u00e5nga p\u00e5 bokseminarium"},"content":{"rendered":"<p>Det var gott om bes\u00f6kare p\u00e5 mitt seminarium p\u00e5 Bok- &amp; Biblioteksm\u00e4ssan i G\u00f6teborg i dag. Cirka 125 personer lyssnade p\u00e5 min f\u00f6rel\u00e4sning om kulturkapitalet som finns i och kring f\u00f6retag och organisationer och som kan kan anv\u00e4ndas f\u00f6r att n\u00e5 framg\u00e5ng.<\/p>\n","protected":false},"excerpt":{"rendered":"<p>Det var gott om bes\u00f6kare p\u00e5 mitt seminarium p\u00e5 Bok- &amp; Biblioteksm\u00e4ssan i G\u00f6teborg i dag. Cirka 125 personer lyssnade p\u00e5 min f\u00f6rel\u00e4sning om kulturkapitalet som finns i och kring f\u00f6retag och organisationer och som kan kan anv\u00e4ndas f\u00f6r att n\u00e5 framg\u00e5ng.<\/p>\n","protected":false},"author":2,"featured_media":0,"comment_status":"open","ping_status":"closed","sticky":false,"template":"","format":"standard","meta":[],"categories":[2],"tags":[],"_links":{"self":[{"href":"https:\/\/storytellers.se\/index.php?rest_route=\/wp\/v2\/posts\/2796"}],"collection":[{"href":"https:\/\/storytellers.se\/index.php?rest_route=\/wp\/v2\/posts"}],"about":[{"href":"https:\/\/storytellers.se\/index.php?rest_route=\/wp\/v2\/types\/post"}],"author":[{"embeddable":true,"href":"https:\/\/storytellers.se\/index.php?rest_route=\/wp\/v2\/users\/2"}],"replies":[{"embeddable":true,"href":"https:\/\/storytellers.se\/index.php?rest_route=%2Fwp%2Fv2%2Fcomments&post=2796"}],"version-history":[{"count":0,"href":"https:\/\/storytellers.se\/index.php?rest_route=\/wp\/v2\/posts\/2796\/revisions"}],"wp:attachment":[{"href":"https:\/\/storytellers.se\/index.php?rest_route=%2Fwp%2Fv2%2Fmedia&parent=2796"}],"wp:term":[{"taxonomy":"category","embeddable":true,"href":"https:\/\/storytellers.se\/index.php?rest_route=%2Fwp%2Fv2%2Fcategories&post=2796"},{"taxonomy":"post_tag","embeddable":true,"href":"https:\/\/storytellers.se\/index.php?rest_route=%2Fwp%2Fv2%2Ftags&post=2796"}],"curies":[{"name":"wp","href":"https:\/\/api.w.org\/{rel}","templated":true}]}}