{"id":2794,"date":"2010-09-23T14:37:06","date_gmt":"2010-09-23T13:37:06","guid":{"rendered":"http:\/\/heijbel.wordpress.com\/2010\/09\/23\/var-finns-boken"},"modified":"2010-09-23T14:37:06","modified_gmt":"2010-09-23T13:37:06","slug":"var-finns-boken","status":"publish","type":"post","link":"https:\/\/storytellers.se\/?p=2794","title":{"rendered":"Var finns boken?"},"content":{"rendered":"<p>Var finns boken? undrar gl\u00e4djande m\u00e5nga mejl. Speciellt nu sen den g\u00e5tt till final i t\u00e4vlingen <em>\u00c5rets Marknadsf\u00f6ringsbok 2010<\/em>. Svaret \u00e4r att den finns i bokhandeln, b\u00e5de i internetbokhandeln och i den traditionella  bokhandeln.<br \/>\nP\u00e5 <a href=\"http:\/\/www.bokus.com\/bok\/9789197738293\/storytelling-befolkar-varumarket\/\"><em><strong>Bokus<\/strong><\/em><\/a> hade de min bok <em>Storytelling befolkar varum\u00e4rket<\/em> som kampanjbok under sommaren. Den finns ocks\u00e5 att k\u00f6pa h\u00e4r p\u00e5 <a href=\"http:\/\/www.adlibris.com\/se\/product.aspx?isbn=9197738298\"><em><strong>Adlibris<\/strong><\/em><\/a>.<br \/>\nDen skickas inom n\u00e5gon dag och d\u00e4r kan du provl\u00e4sa lite ur den direkt p\u00e5 n\u00e4tet.<br \/>\nJag s\u00e4ljer egentligen inte b\u00f6cker sj\u00e4lv utan h\u00e4nvisar till bokhandeln eller vid st\u00f6rre volymer direkt till f\u00f6rlaget <a href=\"http:\/\/www.blue.se\/index.php\"><em><strong>Blue Publishing<\/strong><\/em><\/a>. Men det h\u00e4nder f\u00f6rst\u00e5s att jag har den med ut p\u00e5 mina <strong><em>f\u00f6rel\u00e4sningar<\/em> <\/strong>och man kan alltid k\u00f6pa den billigare p\u00e5 mina <em><strong>frukostseminarier<\/strong><\/em>. N\u00e4sta frukostseminarium \u00e4r f\u00f6r \u00f6vrigt p\u00e5 Hornsgatan vid Mariatorget i Stockholm 08.30-10.30 den 6 oktober. Anm\u00e4l dig till  <a href=\"mailto:matts@storytellers.se\">matts@storytellers.se<\/a> om du vill komma p\u00e5 seminarium den 6 oktober.<\/p>\n","protected":false},"excerpt":{"rendered":"<p>Var finns boken? undrar gl\u00e4djande m\u00e5nga mejl. Speciellt nu sen den g\u00e5tt till final i t\u00e4vlingen \u00c5rets Marknadsf\u00f6ringsbok 2010. Svaret \u00e4r att den finns i bokhandeln, b\u00e5de i internetbokhandeln och i den traditionella bokhandeln. P\u00e5 Bokus hade de min bok Storytelling befolkar varum\u00e4rket som kampanjbok under sommaren. Den finns ocks\u00e5 att k\u00f6pa h\u00e4r p\u00e5 Adlibris&#8230;.<\/p>\n","protected":false},"author":2,"featured_media":0,"comment_status":"open","ping_status":"closed","sticky":false,"template":"","format":"standard","meta":[],"categories":[6],"tags":[],"_links":{"self":[{"href":"https:\/\/storytellers.se\/index.php?rest_route=\/wp\/v2\/posts\/2794"}],"collection":[{"href":"https:\/\/storytellers.se\/index.php?rest_route=\/wp\/v2\/posts"}],"about":[{"href":"https:\/\/storytellers.se\/index.php?rest_route=\/wp\/v2\/types\/post"}],"author":[{"embeddable":true,"href":"https:\/\/storytellers.se\/index.php?rest_route=\/wp\/v2\/users\/2"}],"replies":[{"embeddable":true,"href":"https:\/\/storytellers.se\/index.php?rest_route=%2Fwp%2Fv2%2Fcomments&post=2794"}],"version-history":[{"count":0,"href":"https:\/\/storytellers.se\/index.php?rest_route=\/wp\/v2\/posts\/2794\/revisions"}],"wp:attachment":[{"href":"https:\/\/storytellers.se\/index.php?rest_route=%2Fwp%2Fv2%2Fmedia&parent=2794"}],"wp:term":[{"taxonomy":"category","embeddable":true,"href":"https:\/\/storytellers.se\/index.php?rest_route=%2Fwp%2Fv2%2Fcategories&post=2794"},{"taxonomy":"post_tag","embeddable":true,"href":"https:\/\/storytellers.se\/index.php?rest_route=%2Fwp%2Fv2%2Ftags&post=2794"}],"curies":[{"name":"wp","href":"https:\/\/api.w.org\/{rel}","templated":true}]}}