{"id":2792,"date":"2010-09-22T15:21:54","date_gmt":"2010-09-22T14:21:54","guid":{"rendered":"http:\/\/heijbel.wordpress.com\/2010\/09\/22\/nyhetsbrev-56-mp3-ljud-apropa-boken"},"modified":"2010-09-22T15:21:54","modified_gmt":"2010-09-22T14:21:54","slug":"nyhetsbrev-56-mp3-ljud-apropa-boken","status":"publish","type":"post","link":"https:\/\/storytellers.se\/?p=2792","title":{"rendered":"Nyhetsbrev 56: MP3-ljud aprop\u00e5 boken"},"content":{"rendered":"<p>H\u00e4r \u00e4r det nyhetsbrev som idag g\u00e5r ut till drygt 2.700 prenumeranter. Vill du sj\u00e4lv vara med p\u00e5 listan, givetvis utan kostnad, s\u00e5 kan du anm\u00e4la dig till <a href=\"mailto:nyhetsbrev@storytellers.se\">nyhetsbrev@storytellers.se<\/a>.<br \/>\nVill du l\u00e4sa Nr 65 s\u00e5 kan du klicka p\u00e5 l\u00e4nken h\u00e4r nedanf\u00f6r.<\/p>\n<p><!--more--><br \/>\nHej Storytellerv\u00e4n<br \/>\nS\u00e5 var det dags f\u00f6r Nyhetsbrev 56 fr\u00e5n storytellers. H\u00e4r reflekterar jag, Matts Heijbel, \u00f6ver vad som h\u00e4nt sen sist och vad jag t\u00e4nkt p\u00e5 i min egenskap av Corporate Storyteller, som den ende i det h\u00e4r landet som dagligen och uteslutande arbetar med ber\u00e4ttelser i och om organisationer, deras varor och tj\u00e4nster.<br \/>\nN\u00e5ja, det h\u00e4r landet kanske \u00e4r att sn\u00e4va in perspektiven. Jag arbetar ju ocks\u00e5 en del med internationella organisationer. Ibland handlar det om att s\u00f6ka, sk\u00f6rda och dela ber\u00e4ttelser inom f\u00f6retag som har verksamheter i m\u00e5nga l\u00e4nder. F\u00f6r det \u00e4r klart att ber\u00e4ttelser i l\u00e4nderna \u00f6sterut fr\u00e5n oss sett ofta skiljer sig fr\u00e5n ber\u00e4ttelserna i l\u00e4nder s\u00f6derut.<br \/>\nDet kan till och med vara s\u00e5 att stories skiljer sig \u00e5t i de olika nordiska l\u00e4nderna. Ur ett Corporate Storytellingperspektiv \u00e4r det d\u00e5 viktigt att se vilka ber\u00e4ttelser man kan dela och vilka ber\u00e4ttelser som kan f\u00f6rklara och visa skillnader mellan organisationens olika marknader. Vilka ber\u00e4ttelser som kan \u00f6verf\u00f6ra kunskaper. Vilka som kan anv\u00e4ndas i ledarskapet f\u00f6r att visa corporate values.<br \/>\nEn sak \u00e4r, hur som helst, helt klar. Alla m\u00e4nniskor ber\u00e4ttar. Alla m\u00e4nniskor, oavsett \u00e5lder, k\u00f6n, etnicitet, religion eller vad du vill, alla f\u00f6rst\u00e5r de meningen med en sann ber\u00e4ttelse som visar v\u00e4rderingar och kunskap. Det \u00e4r den insikten som ligger i grunden.<br \/>\nN\u00e4r jag tr\u00e4ffar internationella grupper inom ett och samma varum\u00e4rke blir storytellingen ett sp\u00e4nnande verktyg som sl\u00e5r bryggor och \u00f6ppnar emotionella dimensioner som \u00f6kar gl\u00e4djen i att dansa kring varum\u00e4rket och spetsa s\u00e4ljet.<br \/>\n++++++++++++++++++++++++++++++++++++++++++++++++++++<br \/>\nDen 6 oktober har jag mitt f\u00f6rsta Frukostseminarium f\u00f6r h\u00f6sten p\u00e5 Hornsgatan 52, vid Mariatorget i Stockholm. Mellan 08.30 och 10.30 tr\u00e4ffas vi, en grupp f\u00f6ranm\u00e4lda som \u00e4r intresserade av Corporate Storytelling. Jag bjuder p\u00e5 frukost och h\u00e5ller i det hela. Jag debiterar 500 sek + moms per person. L\u00e4s mer om detta p\u00e5 storytellers.se och anm\u00e4l dig till matts@storytellers.se<br \/>\n++++++++++++++++++++++++++++++++++++++++++++++++++++<br \/>\nJag skriver det h\u00e4r den 22 september 2010. Om tv\u00e5 dagar, fredagen den 24e, ska jag h\u00e5lla ett seminarium p\u00e5 Bokm\u00e4ssan i G\u00f6teborg, klockan 10.30, aprop\u00e5 min bok \u201dStorytelling befolkar varum\u00e4rket\u201d. Lagom till dess hoppas jag ocks\u00e5 att USB-minnena med MP3-filer aprop\u00e5 boken ska vara klara. B\u00e5de minnet och boken kommer att s\u00e4ljas till m\u00e4sspris av f\u00f6rlaget Blue Publishing under bokm\u00e4ssan. Ljudet har jag tagit fram i samarbete med ljuddesignf\u00f6retaget <a href=\"http:\/\/www.lexter.se\"><em>Lexter<\/em><\/a>. Jag har ett l\u00f6pande samarbete med Lexter.<br \/>\nVi kom fram till att inte g\u00f6ra en talbok eller ljudbok. Det vill s\u00e4ga att inte l\u00e4sa in boken ord f\u00f6r ord sida f\u00f6r sida vilket skulle bli cirka 5 timmar. Detta bland annat f\u00f6r att boken \u00e4r fylld av stories och case av olika slag vilka man kan bl\u00e4ddra och sl\u00e5 bland.<br \/>\nVi ville ist\u00e4llet erbjuda en inspirationsf\u00f6rel\u00e4sning som bygger p\u00e5 bokens tankar och som erbjuder en snabb v\u00e4g in i \u00e4mnet s\u00e5 som jag hanterar det. Jag f\u00f6rel\u00e4ser ju sen snart tio \u00e5r i Corporate Storytelling.<br \/>\nInspirationsf\u00f6rel\u00e4sningen aprop\u00e5 \u201dStorytelling befolkar varum\u00e4rket\u201d \u00e4r en cirka 75 minuter l\u00e5ng, fri och rak monolog inl\u00e4st av mig sj\u00e4lv utan manus. Tanken \u00e4r att f\u00f6rs\u00f6ka skapa en n\u00e4rhet till den som lyssnar och att f\u00f6rs\u00f6ka \u00f6verf\u00f6ra den starka k\u00e4nsla och fantastiska energi som ligger i Corporate Storytelling.<br \/>\n++++++++++++++++++++++++++++++++++++++++++++++++++++<br \/>\nDen sociala webben fick kanske inte det genomslag i valet som m\u00e5nga hade trott. Partiernas bloggar och brus verkade v\u00e4l avs\u00e4ndarorienterade och fr\u00e5nsett n\u00e5gon liten brand kring en stackars utf\u00f6rs\u00e4krad mamma s\u00e5 tycker jag att det var r\u00e4tt lite genomslag fr\u00e5n sociala media.<br \/>\nJag tycker det \u00e4r m\u00e4rkligt hur politikerna agerade i sina fajter. Det var som att vi skulle h\u00e5lla p\u00e5 den ena eller andra i n\u00e5gon slags pajkastande sifferexercis. Var fanns ber\u00e4ttelserna? Var fanns v\u00e4rdegrunden?<br \/>\nJag m\u00e4rker att allt fler tyckare inom politiken har b\u00f6rjat tala om det de kallar ber\u00e4ttelsen. Ordet ber\u00e4ttelse har f\u00e5tt ett uppsving. Man tycker att organisationen eller landet beh\u00f6ver synligg\u00f6ra sin ber\u00e4ttelse.<br \/>\nJa, det \u00e4r v\u00e4l klart. Men som Corporate Storyteller skulle jag vilja ha ber\u00e4ttelserna om h\u00e4ndelserna som visar vad de st\u00e5r f\u00f6r b\u00e5de som organisationer men kanske framf\u00f6rallt som m\u00e4nniskor n\u00e4r nu de politiska gladiatorerna visar sig TV-sofforna. Gladiatorer f\u00f6rresten. Det \u00e4r inte mycket till retorik i svensk politik.<br \/>\nDen d\u00e4r \u00f6vergripande ber\u00e4ttelsen som de str\u00e4var efter fastnar d\u00e4rf\u00f6r l\u00e4tt i att bli en vanlig historieskrivning och intellektuell analys med siffror, pilar och boxar.<br \/>\nF\u00f6r mig \u00e4r ber\u00e4ttelsen fr\u00e4mst ett emotionellt verktyg. Ska man ber\u00f6ra m\u00e5ste man ned i mage och hj\u00e4rta. Lyssnaren fyller n\u00e4mligen p\u00e5 sj\u00e4lv n\u00e4r det som serveras inte \u00e4r helt tillr\u00e4ttalagt. Det \u00e4r d\u00e5 det b\u00f6rjar h\u00e4nda saker. Det \u00e4r det som \u00e4r grejen men s\u00e5dant s\u00e5g jag inte mycket av i \u00e5rets val.<br \/>\n++++++++++++++++++++++++++++++++++++++++++++++++++++<br \/>\nS\u00e5 v\u00e4l tillbaka i en mellanvalsvardag \u00e4r det dags att lyssna av och att b\u00f6rja bygga repertoarer f\u00f6r den sociala webben. Jag tror n\u00e4mligen att det \u00e4r d\u00e4r framtidens v\u00e4rldsbild tar form och byggs i en fritt fl\u00f6dande dialog. Inte genom att partier eller f\u00f6retag skickar ut samma gamla vanliga propaganda d\u00e4r ist\u00e4llet f\u00f6r i trycksaken och \u00e5rsber\u00e4ttelsen.<br \/>\nJag \u00e4r i final i \u00c5rets Marknadsf\u00f6ringsbok 2010. Hur det g\u00e5r presenteras p\u00e5 Tendensdagen den 14 oktober. D\u00e5 kommer ocks\u00e5 bland annat en professor och kolumnist p\u00e5 The Times vid namn Belinda Parmar att tala om hur kvinnorna f\u00e5r mer plats tack vare den sociala webben och att den \u201dmaskulina traditionella marknadsf\u00f6ringsmodellen\u201d \u00e4r d\u00f6d.<br \/>\nDet ska bli sp\u00e4nnande att h\u00f6ra. Jag har varit inne p\u00e5 liknande funderingar ocks\u00e5 kring Corporate Storytelling som ofta utmanar manliga traditioner n\u00e4r det g\u00e4ller kommunikation och ledarskap. Det verkar som att kvinnliga ledare dras till Corporate Storytelling.<br \/>\n++++++++++++++++++++++++++++++++++++++++++++++++++++<br \/>\nJa ska ocks\u00e5 medverka i konferensen Ordens Magi p\u00e5 Norra Latin City Conference den 2 december. Det \u00e4r en \u00e5rlig konferens kring spr\u00e5ket med Posten, Norstedts, Spr\u00e5ktidningen och Kairos Future som samarbetspartners.<br \/>\nJag \u00e4r stolt att f\u00e5 vara del av samma konferens som bl a G\u00f6ran H\u00e4gg, Micael Bindefeld, Obamas retoriske r\u00e5dgivare Kevin Lampe, Henrik Berggren, Jens Lapidus, Olle Josephson, Anna Lena Ringarp och m\u00e5nga andra. Jag kan ju inte namedroppa hur mycket som helst.<br \/>\n++++++++++++++++++++++++++++++++++++++++++++++++++++<br \/>\nJag hade nyligen ett seminarium med konsulter fr\u00e5n Humanova F\u00f6retagsutveckling. De s\u00e4ger att f\u00f6retag \u00e4r m\u00e4nniskor. S\u00e5 sant som det \u00e4r sagt, tycker jag. Organisationer best\u00e5r av m\u00e4nniskor och m\u00e4nniskan uttrycker sina v\u00e4rderingar och sin kultur med hj\u00e4lp av ber\u00e4ttelser. Det \u00e4r dessa ber\u00e4ttelser som en Corporate Storyteller envist s\u00f6ker, sk\u00f6rdar och s\u00e4tter i arbete.<br \/>\nJag som skriver detta nyhetsbrev heter Matts Heijbel. Du f\u00e5r det f\u00f6r att du p\u00e5 ett eller annat s\u00e4tt har bett om det eller s\u00e5 har du varit p\u00e5 mina seminarier eller gjort aff\u00e4rer med mig. Vill du inte ha det l\u00e4ngre s\u00e5 kan du v\u00e4nda det med ett nej tack s\u00e5 plockar jag bort dig ur s\u00e4ndlistan.<br \/>\nCitera g\u00e4rna men ange d\u00e5 k\u00e4llan,<br \/>\nH\u00e4lsar<br \/>\nMatts Heijbel<br \/>\nGr\u00f6dinge \/ Stockholm 22 september 2010<\/p>\n","protected":false},"excerpt":{"rendered":"<p>H\u00e4r \u00e4r det nyhetsbrev som idag g\u00e5r ut till drygt 2.700 prenumeranter. Vill du sj\u00e4lv vara med p\u00e5 listan, givetvis utan kostnad, s\u00e5 kan du anm\u00e4la dig till nyhetsbrev@storytellers.se. Vill du l\u00e4sa Nr 65 s\u00e5 kan du klicka p\u00e5 l\u00e4nken h\u00e4r nedanf\u00f6r.<\/p>\n","protected":false},"author":2,"featured_media":0,"comment_status":"open","ping_status":"closed","sticky":false,"template":"","format":"standard","meta":[],"categories":[8],"tags":[],"_links":{"self":[{"href":"https:\/\/storytellers.se\/index.php?rest_route=\/wp\/v2\/posts\/2792"}],"collection":[{"href":"https:\/\/storytellers.se\/index.php?rest_route=\/wp\/v2\/posts"}],"about":[{"href":"https:\/\/storytellers.se\/index.php?rest_route=\/wp\/v2\/types\/post"}],"author":[{"embeddable":true,"href":"https:\/\/storytellers.se\/index.php?rest_route=\/wp\/v2\/users\/2"}],"replies":[{"embeddable":true,"href":"https:\/\/storytellers.se\/index.php?rest_route=%2Fwp%2Fv2%2Fcomments&post=2792"}],"version-history":[{"count":0,"href":"https:\/\/storytellers.se\/index.php?rest_route=\/wp\/v2\/posts\/2792\/revisions"}],"wp:attachment":[{"href":"https:\/\/storytellers.se\/index.php?rest_route=%2Fwp%2Fv2%2Fmedia&parent=2792"}],"wp:term":[{"taxonomy":"category","embeddable":true,"href":"https:\/\/storytellers.se\/index.php?rest_route=%2Fwp%2Fv2%2Fcategories&post=2792"},{"taxonomy":"post_tag","embeddable":true,"href":"https:\/\/storytellers.se\/index.php?rest_route=%2Fwp%2Fv2%2Ftags&post=2792"}],"curies":[{"name":"wp","href":"https:\/\/api.w.org\/{rel}","templated":true}]}}