{"id":2788,"date":"2010-09-14T12:42:09","date_gmt":"2010-09-14T11:42:09","guid":{"rendered":"http:\/\/heijbel.wordpress.com\/2010\/09\/14\/mikastories"},"modified":"2010-09-14T12:42:09","modified_gmt":"2010-09-14T11:42:09","slug":"mikastories","status":"publish","type":"post","link":"https:\/\/storytellers.se\/?p=2788","title":{"rendered":"Mikastories"},"content":{"rendered":"<p>Jag arbetar lite med en ung designer som heter <a href=\"http:\/\/www.mikamodiggard.com\"><em>Mika Modigg\u00e5rd<\/em><\/a>. Hon \u00e4r uppvuxen i en konstn\u00e4rlig familj p\u00e5 S\u00f6der i Stockholm och \u00e4r numera bosatt i Berlin. Eftersom Mika valt att anv\u00e4nda sitt eget namn i kollektionerna flyter Mikaber\u00e4ttelserna samman med hennes kl\u00e4der. Vi skissar d\u00e4rf\u00f6r p\u00e5 bilden av henne, letar speciella h\u00e4ndelser f\u00f6r att ladda in v\u00e4rden och ska p\u00e5 sikt skicka med ber\u00e4ttelser p\u00e5 sm\u00e5 tags med varje plagg.<br \/>\nMika v\u00e4xte upp p\u00e5 Hornsgatan, Stockholms mest trafikerade. D\u00e4r<\/p>\n<p><!--more--><br \/>\n&#8230;k\u00e4nde hon varje hus och varje secondhandbutik. Varje pr\u00e5ng i tunnelbanan utforskade hon och hennes kamrater p\u00e5 v\u00e4g till och fr\u00e5n skola, dagis och fritids.<br \/>\nP\u00e5 fritids, d\u00e4r hon var n\u00e5gra timmar varje dag, fick hon h\u00e5lla p\u00e5 med h\u00e4nderna. Hon fick rita, m\u00e5la, bygga, spela och sjunga. En av fritidspedagogerna hade utbildat sig till tillsk\u00e4rare och kr\u00e4vde av chefen p\u00e5 fritids att f\u00e5 l\u00e4ra barnen att skapa kl\u00e4der. Teckna, klippa, sy och visa upp kl\u00e4der. Fick hon inte l\u00e4ra barnen detta s\u00e5 skulle hon sluta sitt jobb som pedagog, sa hon.<br \/>\nHon fick sin vilja igenom och Mika blev en av hennes st\u00f6rsta supportrar redan i 10-11-\u00e5rs\u00e5ldern. De fick bes\u00f6ka kl\u00e4daff\u00e4rer och boutiquer med fritidspersonalen. Fem barn \u00e5t g\u00e5ngen fick g\u00e5 in och suga i sig id\u00e9er. Resten fick v\u00e4nta ute p\u00e5 gatan till det blev deras tur.<br \/>\nDet h\u00e4r blev de f\u00f6rsta stegen i Mikas designutveckling. Hon vann priser redan som barn f\u00f6r b\u00e4sta id\u00e9er.<br \/>\nSteg f\u00f6r steg l\u00e4rde hon sig Mika att rita, klippa och sy ihop plaggen. F\u00f6r att f\u00f6rst\u00e5 s\u00f6msm\u00e5n och m\u00f6nsterteknik k\u00f6pte hon kl\u00e4der n\u00e4r secondhandbutikerna p\u00e5 hennes hemmagata hade utf\u00f6rs\u00e4ljningar. D\u00e5 kunde hon kanske f\u00e5 motsvarande 100 sek av sin pappa eller mamma. Det r\u00e4ckte till kassar fulla med begagnade kl\u00e4der som hon f\u00f6rsiktigt spr\u00e4ttade is\u00e4r p\u00e5 golvet hemma i l\u00e4genheten. D\u00e5 f\u00f6rstod hon hur de olika delarna hade blivit till byxor, jackor och kjolar.<br \/>\nMika sydde och kl\u00e4dde sig som hon ville och k\u00e4nde f\u00f6r. Ibland fick hon f\u00f6rsvara sig sj\u00e4lv och sina kamrater i riktiga tjejslagsm\u00e5l n\u00e4r de m\u00f6tte andra ungdomar som alla bar likadana kl\u00e4der fr\u00e5n de stora kl\u00e4dkedjorna. Hon fick fightas f\u00f6r r\u00e4tten att b\u00e4ra en speciell m\u00f6ssa som hon k\u00f6pt p\u00e5 second hand eller kanske hade designat sj\u00e4lv.<br \/>\nDet var s\u00e5 det b\u00f6rjade. I dag \u00e4r Mika Modigg\u00e5rd, sen flera \u00e5r, designer bosatt i Berlin.<br \/>\nHon flyttade till Berlin \u00e5 egen hand. Utan att kunna spr\u00e5ket. Kvarteren d\u00e4r hon hamnade i gamla centrala Berlin var bitvis h\u00e5rda och trots att Mika var street smart fr\u00e5n barndomens gata k\u00e4nde hon sig tidvis r\u00e4tt utsatt. Det pr\u00e4glade hennes f\u00f6rsta urbana Berlinkollektion som lanserades 2010.<br \/>\nMed hoodie och markerade axlar p\u00e5 jackan skapade hon en kollektion till sig sj\u00e4lv som l\u00e4t henne g\u00e5 i fred genom Berlinnatten. Det hindrade inte att hon kunde ha n\u00e5got mycket mer bart och mjukt kvinnligt under hoodie och jacka.<br \/>\nMika \u00e4r redan redo att g\u00e5 vidare med nya kollektioner.<br \/>\nMen hon vill inte vara del i ett produktionssystem som utnyttjar fattiga m\u00e4nniskor och hon vill anv\u00e4nda material och tekniker som inte utmanar och skadar skapelsen. Hon vill att Mikakollektionerna ska symbolisera attityd och uth\u00e5llighet.<br \/>\nF\u00f6r Mika \u00e4r varje kollektion en spegling av var hon befinner sig just nu. Redan vid skissblocket l\u00e5ter hon k\u00e4nslorna ta form f\u00f6r att senare v\u00e4xa sig in i design som speglar \u2013 just Mika Modigg\u00e5rd.<\/p>\n","protected":false},"excerpt":{"rendered":"<p>Jag arbetar lite med en ung designer som heter Mika Modigg\u00e5rd. Hon \u00e4r uppvuxen i en konstn\u00e4rlig familj p\u00e5 S\u00f6der i Stockholm och \u00e4r numera bosatt i Berlin. Eftersom Mika valt att anv\u00e4nda sitt eget namn i kollektionerna flyter Mikaber\u00e4ttelserna samman med hennes kl\u00e4der. Vi skissar d\u00e4rf\u00f6r p\u00e5 bilden av henne, letar speciella h\u00e4ndelser f\u00f6r&#8230;<\/p>\n","protected":false},"author":2,"featured_media":0,"comment_status":"open","ping_status":"closed","sticky":false,"template":"","format":"standard","meta":[],"categories":[4],"tags":[],"_links":{"self":[{"href":"https:\/\/storytellers.se\/index.php?rest_route=\/wp\/v2\/posts\/2788"}],"collection":[{"href":"https:\/\/storytellers.se\/index.php?rest_route=\/wp\/v2\/posts"}],"about":[{"href":"https:\/\/storytellers.se\/index.php?rest_route=\/wp\/v2\/types\/post"}],"author":[{"embeddable":true,"href":"https:\/\/storytellers.se\/index.php?rest_route=\/wp\/v2\/users\/2"}],"replies":[{"embeddable":true,"href":"https:\/\/storytellers.se\/index.php?rest_route=%2Fwp%2Fv2%2Fcomments&post=2788"}],"version-history":[{"count":0,"href":"https:\/\/storytellers.se\/index.php?rest_route=\/wp\/v2\/posts\/2788\/revisions"}],"wp:attachment":[{"href":"https:\/\/storytellers.se\/index.php?rest_route=%2Fwp%2Fv2%2Fmedia&parent=2788"}],"wp:term":[{"taxonomy":"category","embeddable":true,"href":"https:\/\/storytellers.se\/index.php?rest_route=%2Fwp%2Fv2%2Fcategories&post=2788"},{"taxonomy":"post_tag","embeddable":true,"href":"https:\/\/storytellers.se\/index.php?rest_route=%2Fwp%2Fv2%2Ftags&post=2788"}],"curies":[{"name":"wp","href":"https:\/\/api.w.org\/{rel}","templated":true}]}}