{"id":2786,"date":"2010-09-10T15:39:06","date_gmt":"2010-09-10T14:39:06","guid":{"rendered":"http:\/\/heijbel.wordpress.com\/2010\/09\/10\/inspirationsljud-inte-ljudbok"},"modified":"2010-09-10T15:39:06","modified_gmt":"2010-09-10T14:39:06","slug":"inspirationsljud-inte-ljudbok","status":"publish","type":"post","link":"https:\/\/storytellers.se\/?p=2786","title":{"rendered":"Inspirationsljud inte ljudbok"},"content":{"rendered":"<p>Jag har idag beslutat med f\u00f6rlaget och ljuddesigners p\u00e5 <a href=\"http:\/\/www.lexter.se\"><em>Lexter<\/em><\/a> att inte g\u00f6ra ljudbok av <em>Storytelling befolkar varum\u00e4rket<\/em>. Allts\u00e5 inte h\u00f6gl\u00e4sning ur boken. Ist\u00e4llet ska jag l\u00e4sa in en inspirationsf\u00f6rel\u00e4sning aprop\u00e5 boken som ska vara ett alternativ f\u00f6r den som vill ha en uppfattning om vad den handlar om. Ljudet kan man sen k\u00f6pa f\u00f6r sig eller tillsammans med boken. Ljudet ska vara klart som MP3 p\u00e5 USB eller f\u00f6r nedladdning lagom till Bokm\u00e4ssan.<\/p>\n","protected":false},"excerpt":{"rendered":"<p>Jag har idag beslutat med f\u00f6rlaget och ljuddesigners p\u00e5 Lexter att inte g\u00f6ra ljudbok av Storytelling befolkar varum\u00e4rket. Allts\u00e5 inte h\u00f6gl\u00e4sning ur boken. Ist\u00e4llet ska jag l\u00e4sa in en inspirationsf\u00f6rel\u00e4sning aprop\u00e5 boken som ska vara ett alternativ f\u00f6r den som vill ha en uppfattning om vad den handlar om. Ljudet kan man sen k\u00f6pa f\u00f6r&#8230;<\/p>\n","protected":false},"author":2,"featured_media":0,"comment_status":"open","ping_status":"closed","sticky":false,"template":"","format":"standard","meta":[],"categories":[3],"tags":[],"_links":{"self":[{"href":"https:\/\/storytellers.se\/index.php?rest_route=\/wp\/v2\/posts\/2786"}],"collection":[{"href":"https:\/\/storytellers.se\/index.php?rest_route=\/wp\/v2\/posts"}],"about":[{"href":"https:\/\/storytellers.se\/index.php?rest_route=\/wp\/v2\/types\/post"}],"author":[{"embeddable":true,"href":"https:\/\/storytellers.se\/index.php?rest_route=\/wp\/v2\/users\/2"}],"replies":[{"embeddable":true,"href":"https:\/\/storytellers.se\/index.php?rest_route=%2Fwp%2Fv2%2Fcomments&post=2786"}],"version-history":[{"count":0,"href":"https:\/\/storytellers.se\/index.php?rest_route=\/wp\/v2\/posts\/2786\/revisions"}],"wp:attachment":[{"href":"https:\/\/storytellers.se\/index.php?rest_route=%2Fwp%2Fv2%2Fmedia&parent=2786"}],"wp:term":[{"taxonomy":"category","embeddable":true,"href":"https:\/\/storytellers.se\/index.php?rest_route=%2Fwp%2Fv2%2Fcategories&post=2786"},{"taxonomy":"post_tag","embeddable":true,"href":"https:\/\/storytellers.se\/index.php?rest_route=%2Fwp%2Fv2%2Ftags&post=2786"}],"curies":[{"name":"wp","href":"https:\/\/api.w.org\/{rel}","templated":true}]}}