{"id":2782,"date":"2010-09-08T11:02:36","date_gmt":"2010-09-08T10:02:36","guid":{"rendered":"http:\/\/heijbel.wordpress.com\/2010\/09\/08\/mauds-farmor-tog-plats"},"modified":"2010-09-08T11:02:36","modified_gmt":"2010-09-08T10:02:36","slug":"mauds-farmor-tog-plats","status":"publish","type":"post","link":"https:\/\/storytellers.se\/?p=2782","title":{"rendered":"Mauds farmor tog plats"},"content":{"rendered":"<p>Det \u00e4r underligt s\u00e5 lite politikerna ber\u00e4ttar om sig sj\u00e4lva i debatten. Jovisst skriver de b\u00f6cker i jag-form om sin v\u00e4rldsbild men s\u00e4llan kokas det hela ned till ett <em><strong>personligt h\u00e4ndelsebaserat ber\u00e4ttande<\/strong><\/em>. Det \u00e4r konstigt. D\u00e4r kan de attrahera 10.000-tals v\u00e4ljare i ett enda slag om de tr\u00e4ffar r\u00e4tt. T ex tycker jag att ber\u00e4ttelsen om <strong>Maud Olofsson<\/strong>, som jag l\u00e4ste f\u00f6r en tid sen i <em>Expressen<\/em>, \u00e4r r\u00e4tt fin:<\/p>\n<p><!--more--><br \/>\nMaud gick, som barn, dagligen \u00f6ver till farmor och pratade. Hon fick jordgubbar och l\u00e5nade b\u00f6cker.<br \/>\nFarmodern hade jobbat som piga och fick som ung l\u00e4mna ifr\u00e5n sig ett barn n\u00e4r hon blivit gravid. Men senare sa hon ifr\u00e5n. Kvinnor f\u00e5r skratta h\u00f6gt och ta plats, menade farmodern och st\u00f6dde Maud i den politiska karri\u00e4ren.<br \/>\nMaud blev ombudsman f\u00f6r Centerns ungdomsf\u00f6rbund. Sen dog farmor.<br \/>\nMaud har nu, kanske till farmors \u00e4ra, sett till att det finns 880 ambassad\u00f6rer som st\u00f6ttar kvinnligt f\u00f6retagande \u00f6ver hela Sverige. Jag har sj\u00e4lv varit ute och tr\u00e4ffat m\u00e5nga av dessa fantastiska kvinnor n\u00e4r jag f\u00f6rel\u00e4ser om <em>Corporate Storytelling<\/em>.<br \/>\nHemma p\u00e5 kylsk\u00e5pet i H\u00f6gfors har Maud, enligt Expressen, en bild av farmor. Varf\u00f6r ber\u00e4ttar hon inte om det n\u00e4r kameran nu \u00e4r p\u00e5 s\u00e5 mycket i valtider?<br \/>\n<em>PS. Jag har h\u00f6rt att Maud Olofsson \u00e4r v\u00e4ldigt k\u00e4nslosam n\u00e4r hon \u00e4r p\u00e5 Centerns varum\u00e4rkes insida. Att hon ibland blir r\u00f6rd och brister ut i t\u00e5rar n\u00e4r Centern tr\u00e4ffas. Varf\u00f6r g\u00f6r hon inte det i alliansens framtr\u00e4danden. Finns det inte plats f\u00f6r \u00e5tminstone en riktigt emotionell politiker p\u00e5 den svenska arenan? DS<\/em><\/p>\n","protected":false},"excerpt":{"rendered":"<p>Det \u00e4r underligt s\u00e5 lite politikerna ber\u00e4ttar om sig sj\u00e4lva i debatten. Jovisst skriver de b\u00f6cker i jag-form om sin v\u00e4rldsbild men s\u00e4llan kokas det hela ned till ett personligt h\u00e4ndelsebaserat ber\u00e4ttande. Det \u00e4r konstigt. D\u00e4r kan de attrahera 10.000-tals v\u00e4ljare i ett enda slag om de tr\u00e4ffar r\u00e4tt. T ex tycker jag att ber\u00e4ttelsen&#8230;<\/p>\n","protected":false},"author":2,"featured_media":0,"comment_status":"open","ping_status":"closed","sticky":false,"template":"","format":"standard","meta":[],"categories":[2],"tags":[],"_links":{"self":[{"href":"https:\/\/storytellers.se\/index.php?rest_route=\/wp\/v2\/posts\/2782"}],"collection":[{"href":"https:\/\/storytellers.se\/index.php?rest_route=\/wp\/v2\/posts"}],"about":[{"href":"https:\/\/storytellers.se\/index.php?rest_route=\/wp\/v2\/types\/post"}],"author":[{"embeddable":true,"href":"https:\/\/storytellers.se\/index.php?rest_route=\/wp\/v2\/users\/2"}],"replies":[{"embeddable":true,"href":"https:\/\/storytellers.se\/index.php?rest_route=%2Fwp%2Fv2%2Fcomments&post=2782"}],"version-history":[{"count":0,"href":"https:\/\/storytellers.se\/index.php?rest_route=\/wp\/v2\/posts\/2782\/revisions"}],"wp:attachment":[{"href":"https:\/\/storytellers.se\/index.php?rest_route=%2Fwp%2Fv2%2Fmedia&parent=2782"}],"wp:term":[{"taxonomy":"category","embeddable":true,"href":"https:\/\/storytellers.se\/index.php?rest_route=%2Fwp%2Fv2%2Fcategories&post=2782"},{"taxonomy":"post_tag","embeddable":true,"href":"https:\/\/storytellers.se\/index.php?rest_route=%2Fwp%2Fv2%2Ftags&post=2782"}],"curies":[{"name":"wp","href":"https:\/\/api.w.org\/{rel}","templated":true}]}}