{"id":2780,"date":"2010-09-07T15:24:59","date_gmt":"2010-09-07T14:24:59","guid":{"rendered":"http:\/\/heijbel.wordpress.com\/2010\/09\/07\/medverkar-i-ordens-magi"},"modified":"2010-09-07T15:24:59","modified_gmt":"2010-09-07T14:24:59","slug":"medverkar-i-ordens-magi","status":"publish","type":"post","link":"https:\/\/storytellers.se\/?p=2780","title":{"rendered":"Medverkar i Ordens Magi"},"content":{"rendered":"<p>Den 2 december medverkar jag i i \u00e5rets upplaga av konferensen <strong>Ordens Magi<\/strong> p\u00e5 Norra Latin City Conference Centre i Stockholm. Det \u00e4r en \u00e5rlig konferens kring spr\u00e5ket med <em>Posten, Norstedts, Spr\u00e5ktidningen<\/em> och <em>Kairos Future<\/em> som samarbetspartners. \u00c5rets tema  \u00e4r det <em><strong>Vinnande och s\u00e4ljande spr\u00e5ket<\/strong><\/em><br \/>\nJag talar f\u00f6rst\u00e5s om Corporate Storytelling. Andra medverkande, under ledning av <strong>G\u00f6ran H\u00e4gg<\/strong>, \u00e4r <strong>Micael Bindefeld<\/strong>, Obamas retoriske medhj\u00e4lpare <strong>Kevin Lampe<\/strong>, <strong>Henrik Berggren<\/strong>, ledareskribent som just skrivit en Palmebiografi, <strong>Lena Josefsson<\/strong>, kommunikationskonsult och <strong>Barbro Hedvall<\/strong>, pr-r\u00e5dgivare.<br \/>\n<strong>Jens Lapidus<\/strong>, f\u00f6rfattare och advokat, <strong>Annmari Kastrup<\/strong> och <strong>Anna Pettersson<\/strong>, sk\u00e5despelare, <strong>Olle Josephson<\/strong>, professor i nordiska spr\u00e5k, <strong>Anna Lena Ringarp<\/strong> fr\u00e5n Spr\u00e5ket i Sveriges Radio och retorikkonsulten <strong>Elaine Bergqvist<\/strong>.<br \/>\n<strong>Henrik Olinder<\/strong> kriskommunikat\u00f6r och retoriker, <strong>Eric Ericson<\/strong> f\u00f6rfattare, <strong>Thomas F\u00fcrth<\/strong>, forskningsledare, <strong>Annika Creutzer<\/strong>, journalist och nationalekonom. Det hela avslutas med att <strong>G\u00f6ran H\u00e4gg<\/strong> talar om konsten att sluta sen f\u00f6ljer spr\u00e5kmingel.<br \/>\nL\u00e4s mer och anm\u00e4l dig hos <a href=\"http:\/\/www.ordensmagi.se\"><em>Ordens Magi<\/em><\/a><\/p>\n","protected":false},"excerpt":{"rendered":"<p>Den 2 december medverkar jag i i \u00e5rets upplaga av konferensen Ordens Magi p\u00e5 Norra Latin City Conference Centre i Stockholm. Det \u00e4r en \u00e5rlig konferens kring spr\u00e5ket med Posten, Norstedts, Spr\u00e5ktidningen och Kairos Future som samarbetspartners. \u00c5rets tema \u00e4r det Vinnande och s\u00e4ljande spr\u00e5ket Jag talar f\u00f6rst\u00e5s om Corporate Storytelling. Andra medverkande, under ledning&#8230;<\/p>\n","protected":false},"author":2,"featured_media":0,"comment_status":"open","ping_status":"closed","sticky":false,"template":"","format":"standard","meta":[],"categories":[9],"tags":[],"_links":{"self":[{"href":"https:\/\/storytellers.se\/index.php?rest_route=\/wp\/v2\/posts\/2780"}],"collection":[{"href":"https:\/\/storytellers.se\/index.php?rest_route=\/wp\/v2\/posts"}],"about":[{"href":"https:\/\/storytellers.se\/index.php?rest_route=\/wp\/v2\/types\/post"}],"author":[{"embeddable":true,"href":"https:\/\/storytellers.se\/index.php?rest_route=\/wp\/v2\/users\/2"}],"replies":[{"embeddable":true,"href":"https:\/\/storytellers.se\/index.php?rest_route=%2Fwp%2Fv2%2Fcomments&post=2780"}],"version-history":[{"count":0,"href":"https:\/\/storytellers.se\/index.php?rest_route=\/wp\/v2\/posts\/2780\/revisions"}],"wp:attachment":[{"href":"https:\/\/storytellers.se\/index.php?rest_route=%2Fwp%2Fv2%2Fmedia&parent=2780"}],"wp:term":[{"taxonomy":"category","embeddable":true,"href":"https:\/\/storytellers.se\/index.php?rest_route=%2Fwp%2Fv2%2Fcategories&post=2780"},{"taxonomy":"post_tag","embeddable":true,"href":"https:\/\/storytellers.se\/index.php?rest_route=%2Fwp%2Fv2%2Ftags&post=2780"}],"curies":[{"name":"wp","href":"https:\/\/api.w.org\/{rel}","templated":true}]}}