{"id":2778,"date":"2010-09-06T13:49:35","date_gmt":"2010-09-06T12:49:35","guid":{"rendered":"http:\/\/heijbel.wordpress.com\/2010\/09\/06\/foretag-ar-manniskor"},"modified":"2010-09-06T13:49:35","modified_gmt":"2010-09-06T12:49:35","slug":"foretag-ar-manniskor","status":"publish","type":"post","link":"https:\/\/storytellers.se\/?p=2778","title":{"rendered":"F\u00f6retag \u00e4r m\u00e4nniskor"},"content":{"rendered":"<p><strong>HumaNova F\u00f6retagsutveckling<\/strong> s\u00e4ger att <em>F\u00f6retag \u00e4r m\u00e4nniskor<\/em>. Visst \u00e4r det s\u00e5 och det \u00e4r ocks\u00e5 utg\u00e5ngspunkten i deras arbete som konsulter. Jag har varit inkopplad i arbetet med att hitta HumaNova F\u00f6retagsutvecklings egna ber\u00e4ttelser, det \u00e4r n\u00e4mligen inte alltid s\u00e5 l\u00e4tt att beskriva vad man kan och hur det g\u00e5r till och vad det resulterar i, d\u00e5 kan en story underl\u00e4tta. En h\u00e4ndelse som gjorde starkt intryck&#8230;<\/p>\n<p><!--more--><br \/>\np\u00e5 mig var ett it-f\u00f6retag d\u00e4r en arbetsgrupp p\u00e5 ett tiotal personer inte hade n\u00e5gon riktig kontakt med varandra. De satt bakom st\u00e4ngda d\u00f6rrar och utvecklade och underh\u00f6ll mjukvaror p\u00e5 var sin kant men intresserade sig inte s\u00e4rskilt mycket f\u00f6r varandra.<br \/>\nNu ville nye chefen g\u00f6ra n\u00e5got \u00e5t detta inf\u00f6r steget d\u00e4r de skulle flytta ihop i ett \u00f6ppet landskap ist\u00e4llet f\u00f6r i egna rum.<br \/>\nTillsammans med HumaNova F\u00f6retagsutvecklings konsulter fick de i olika \u00f6vningar l\u00e4ra k\u00e4nna varandra och diskutera vad de tyckte och k\u00e4nde inf\u00f6r jobbet och arbetskamraterna.<br \/>\nN\u00e4r en av medarbetarna skulle tala om sina k\u00e4nslor brast han i gr\u00e5t och sa hulkande att han var s\u00e5 olycklig. Hans fru ville skiljas och h\u00f6ll just p\u00e5 att l\u00e4mna honom. D\u00e5 blev hans arbetskamrater och konsulterna medm\u00e4nniskor och tr\u00f6stade honom s\u00e5 gott de kunde.<br \/>\nEfter det blev han mycket \u00f6ppnare och ber\u00e4ttade f\u00f6r kamraterna p\u00e5 jobbet hur han k\u00e4nde sig.<br \/>\nN\u00e4r frun, som ville l\u00e4mna honom, m\u00e4rkte att han \u00f6ppnade sig och b\u00f6rja tala om sina k\u00e4nslor ocks\u00e5 hemma, s\u00e5 omv\u00e4rderade hon situationen och best\u00e4mde sig f\u00f6r att stanna:<br \/>\n\u2013 Varf\u00f6r har du inte visat de h\u00e4r sidorna tidigare, sa hon och kramade om honom.<br \/>\nP\u00e5 jobbet har st\u00e4mningen blivit b\u00e4ttre och produktiviteten har \u00f6kat, konstaterar en n\u00f6jd chef och hyllar HumaNova F\u00f6retagsutveckling.<\/p>\n","protected":false},"excerpt":{"rendered":"<p>HumaNova F\u00f6retagsutveckling s\u00e4ger att F\u00f6retag \u00e4r m\u00e4nniskor. Visst \u00e4r det s\u00e5 och det \u00e4r ocks\u00e5 utg\u00e5ngspunkten i deras arbete som konsulter. Jag har varit inkopplad i arbetet med att hitta HumaNova F\u00f6retagsutvecklings egna ber\u00e4ttelser, det \u00e4r n\u00e4mligen inte alltid s\u00e5 l\u00e4tt att beskriva vad man kan och hur det g\u00e5r till och vad det resulterar&#8230;<\/p>\n","protected":false},"author":2,"featured_media":0,"comment_status":"open","ping_status":"closed","sticky":false,"template":"","format":"standard","meta":[],"categories":[4],"tags":[],"_links":{"self":[{"href":"https:\/\/storytellers.se\/index.php?rest_route=\/wp\/v2\/posts\/2778"}],"collection":[{"href":"https:\/\/storytellers.se\/index.php?rest_route=\/wp\/v2\/posts"}],"about":[{"href":"https:\/\/storytellers.se\/index.php?rest_route=\/wp\/v2\/types\/post"}],"author":[{"embeddable":true,"href":"https:\/\/storytellers.se\/index.php?rest_route=\/wp\/v2\/users\/2"}],"replies":[{"embeddable":true,"href":"https:\/\/storytellers.se\/index.php?rest_route=%2Fwp%2Fv2%2Fcomments&post=2778"}],"version-history":[{"count":0,"href":"https:\/\/storytellers.se\/index.php?rest_route=\/wp\/v2\/posts\/2778\/revisions"}],"wp:attachment":[{"href":"https:\/\/storytellers.se\/index.php?rest_route=%2Fwp%2Fv2%2Fmedia&parent=2778"}],"wp:term":[{"taxonomy":"category","embeddable":true,"href":"https:\/\/storytellers.se\/index.php?rest_route=%2Fwp%2Fv2%2Fcategories&post=2778"},{"taxonomy":"post_tag","embeddable":true,"href":"https:\/\/storytellers.se\/index.php?rest_route=%2Fwp%2Fv2%2Ftags&post=2778"}],"curies":[{"name":"wp","href":"https:\/\/api.w.org\/{rel}","templated":true}]}}