{"id":2774,"date":"2010-09-01T11:31:44","date_gmt":"2010-09-01T10:31:44","guid":{"rendered":"http:\/\/heijbel.wordpress.com\/2010\/09\/01\/nyhetsbrev-55-arets-bok-och-bokmassan"},"modified":"2010-09-01T11:31:44","modified_gmt":"2010-09-01T10:31:44","slug":"nyhetsbrev-55-arets-bok-och-bokmassan","status":"publish","type":"post","link":"https:\/\/storytellers.se\/?p=2774","title":{"rendered":"Nyhetsbrev 55: \u00c5rets Bok och Bokm\u00e4ssan"},"content":{"rendered":"<p>I dag g\u00e5r det femtiofemte nyhetsbrevet ut till drygt 2.700 prenumeranter. Du kan l\u00e4sa det via l\u00e4nken h\u00e4r under. Vill du sj\u00e4lva vara med p\u00e5 s\u00e4ndlistan s\u00e5 skriv till <a href=\"mailto:nyhetsbrev@storytellers.se\">nyhetsbrev@storytellers.se<\/a><\/p>\n<p><!--more--><br \/>\nNyhetsbrev 55:<br \/>\nHej Storytellerv\u00e4n.<br \/>\nDetta \u00e4r det femtiofemte nyhetsbrevet fr\u00e5n storytellers.se d\u00e4r jag ber\u00e4ttar om vad som h\u00e4nt sen sist i storytellerv\u00e4rlden och hur mina tankar och associationer l\u00f6pt aprop\u00e5 mitt liv mitt i Corporate Storytellingen. Du f\u00e5r det eftersom du tecknat dig, f\u00f6r att vi gjort aff\u00e4rer eller f\u00f6r att du varit p\u00e5 n\u00e5got av mina seminarier.<br \/>\n++++++++++++++++++++++++++++++++++++++++++++++++++<br \/>\nF\u00f6r oss som intresserar oss f\u00f6r Corporate Storytelling kan jag ber\u00e4tta att min bok Storytelling befolkar varum\u00e4rket, som kom i v\u00e5ras, nu \u00e4r nominerad och dessutom i final i t\u00e4vlingen <strong>\u00c5rets Marknadsf\u00f6ringsbok 2010<\/strong>.<br \/>\nDet \u00e4r <strong>Sveriges Marknadsf\u00f6rbund<\/strong> som \u00e5rligen g\u00e5r igenom alla marknadsf\u00f6ringsb\u00f6cker och v\u00e4ljer ut den viktigaste i utbudet f\u00f6r \u00e5ret. F\u00f6r mig \u2013 och dig som l\u00e4sare av nyhetsbrevet \u2013 \u00e4r det kanske inte s\u00e5 f\u00f6rv\u00e5nande.<br \/>\nF\u00f6r mig som envetet, de senaste 10 \u00e5ren, talat om kultur- och ber\u00e4ttarkapitalet i och om organisationer k\u00e4nns det mycket sk\u00f6nt. \u00c4ntligen kan den emotionella kommunikationen kanske f\u00e5 lite mer plats i svenskt arbetsliv. Vi ligger efter, j\u00e4mf\u00f6rt med framf\u00f6rallt anglosaxserna, n\u00e4r det g\u00e4ller att identifiera och exploatera kulturkapitalet.<br \/>\nI b\u00f6rjan var det tr\u00f6gt att g\u00f6ra sin r\u00f6st h\u00f6rd. Nu har begreppen slagit igenom och jag k\u00e4mpar p\u00e5 f\u00f6r att h\u00e5lla en tydlig linje i det hela. Sanna ber\u00e4ttelser som uttryck f\u00f6r ett kulturkapital. Det \u00e4r det som \u00e4r grunden i ett l\u00e5ngsiktigt storytellingarbete n\u00e4r det handlar om f\u00f6retag och organisationer. Inte roliga reklamsagor, journalistiska reportage eller slogans hit och dit.<br \/>\nJag kommer att h\u00e5lla ett seminarium aprop\u00e5 boken p\u00e5 <strong>Bokm\u00e4ssan i G\u00f6teborg<\/strong> den 24 september klockan 10.30. Kanske ses vi d\u00e5, d\u00e5 kan du k\u00f6pa boken. Annars finns den f\u00f6rst\u00e5s p\u00e5 andra h\u00e5ll i m\u00e4ssan och i hela den svenska bokhandeln. Enklast via <strong>Adlibris<\/strong> eller <strong>Bokus<\/strong>.<br \/>\nBoken har \u00f6ver 100 exempel och jag beskriver min modell f\u00f6r att s\u00f6ka, finna och sk\u00f6rda ber\u00e4ttelser i och om organisationer och hur de kan anv\u00e4ndas f\u00f6r att befolka varum\u00e4rkets in- och utsida. I marknadsf\u00f6ring, ledarskap, interninformation, rekrytering och i arbetet med att addera emotionella v\u00e4rden till varor och tj\u00e4nster.<br \/>\n+++++++++++++++++++++++++++++++++++++++++++++++++<br \/>\nSpyker-chefen <strong>Victor Muller<\/strong>, som ligger bakom Saab-aff\u00e4ren, ber\u00e4ttade i TV4 att han v\u00e4xte upp i s\u00f6dra Amsterdam och s\u00e5g Saab-handlaren fr\u00e5n sitt pojkrumsf\u00f6nster. Saab-handlaren hade glastak p\u00e5 sin bilanl\u00e4ggning. D\u00e4r \u00e5kte Saabarna ut och in. Modell 93 och 96. Victor \u00e4lskade dessa bilar. Den d\u00e4r pojkk\u00e4nslan ligger, s\u00e4ger han, bakom hans satsning p\u00e5 Saab 2010. En liten passionsstory.<br \/>\nEn annan liknande ber\u00e4ttelse om magiska \u00f6gonblick eller h\u00e4ndelser \u00e4r den om Virgin Groups <strong>Richard Branson<\/strong> som h\u00f6ll p\u00e5 att g\u00e5 omkull med sin studenttidning n\u00e4r hans mamma, tack och lov, kom med 100 pund som hon f\u00e5tt fr\u00e5n ett halsband som hon hittat och l\u00e4mnat till polisen och sedan s\u00e5lt. Det r\u00e4ddade honom och han startade skivbolag och gav ut Sex Pistols och kom p\u00e5 kant med etablissemanget vilket l\u00e5ngt senare gl\u00f6mdes n\u00e4r han adlades till Sir Richard. 2012 hoppas han kunna starta rymdf\u00e4rder fr\u00e5n Kirunabasen.<br \/>\n+++++++++++++++++++++++++++++++++++++++++++++++++<br \/>\nVisst \u00e4r de roliga de d\u00e4r grundarber\u00e4ttelserna. Och i och f\u00f6r sig viktiga. Men man ska inte gl\u00f6mma att i Corporate Storytellingsammanhang \u00e4r det \u00e4r ber\u00e4ttelserna om nuet och f\u00f6rs\u00f6ken att skissa p\u00e5 de tidiga verklighetsbilderna av framtiden som ger den verkliga kraften till storytellingverktyget.<br \/>\nG\u00e4rna ett <strong>D\u00c5<\/strong> och f\u00f6rst\u00e5s ett <strong>NU.<\/strong> Men det \u00e4r ett <strong>SEN<\/strong>, visionerna om v\u00e5r gemensamma framtid, som drar organisationen fram\u00e5t. Att bygga framtid med hj\u00e4lp av ber\u00e4ttelser \u00e4r tankar som driver mig starkt just nu. Jag hoppas kunna skriva en bok om hur man bygger framtid med hj\u00e4lp av verkliga ber\u00e4ttelser h\u00e4mtade i nuet men ocks\u00e5 fr\u00e5n det f\u00f6rflutna. Det h\u00e4r \u00e4r t\u00e4tt f\u00f6rknippat med v\u00e4rdegrundsarbetet.<br \/>\n+++++++++++++++++++++++++++++++++++++++++++++++++<br \/>\nF\u00f6r n\u00e5gra veckor sedan hade jag all personal fr\u00e5n <strong>Sj\u00f6stadsskolan<\/strong> i Hammarby Sj\u00f6stad i Stockholm p\u00e5 ett heldagsseminarium. Det \u00e4r en ung kommunal skola, fr\u00e5n f\u00f6rskola till nian, som tagit upp kampen med friskolealternativen. De bygger, med en sann nybyggarpatos, den framtidsskola som \u00e4nnu inte finns och jag hj\u00e4lper dem att hitta de ber\u00e4ttelser som bidrar till att g\u00f6ra detta m\u00f6jligt.<br \/>\nVi vet alla att skolan f\u00f6r\u00e4ndras och vi vet att det \u00e4r mycket som ser annorlunda ut om 10-15 \u00e5r. Men hur kan vi anv\u00e4nda sanna ber\u00e4ttelser sk\u00f6rdade i nuet f\u00f6r att gemensamt styra denna skola dit vi vill i samklang med elever, personal, f\u00f6r\u00e4ldrar och kringboende. Ett svar \u00e4r att vi beh\u00f6ver bilder av verkligheten att dela. De finns i ber\u00e4ttelserna om dessa m\u00e4nniskor och denna plats p\u00e5 jorden, Hammarby Sj\u00f6stad.<br \/>\n++++++++++++++++++++++++++++++++++++++++++++++++++<br \/>\nJag arbetar annars vidare med mina f\u00f6rel\u00e4sningar, workshops och sk\u00f6rdefester. Med internationella f\u00f6retag och \u00e4nda ned till sm\u00e5 svenska f\u00e5mansbolag. Med kommuner och regioner och sjukhus. Ber\u00e4ttelserna finns \u00f6verallt.<br \/>\nEtt kul projekt som jag \u00e4r involverad nu \u00e4r <strong>Sj\u00f6v\u00e4gen i Stockholms inre vatten<\/strong>. F\u00f6r f\u00f6rsta g\u00e5ngen \u00e4r b\u00e5tburen kollektivtrafik, med SL-kortet som biljett, i g\u00e5ng. Det \u00e4r ett samarbete bland annat mellan fastighets\u00e4gare, hotell, SL och Nacka kommun som m\u00f6jligg\u00f6r en b\u00e5tlinje mellan Nybroviken via Nacka till Liding\u00f6 och tillbaks. Allt fler tar nu Sj\u00f6v\u00e4gen.<br \/>\nEftersom marknadsf\u00f6ringsbudgeten \u00e4r begr\u00e4nsad har man, i samr\u00e5d med mig, best\u00e4mt att helt satsa p\u00e5 snacket, <em>Word of Mouth<\/em>. Vi utg\u00e5r fr\u00e5n att de cirka 600 passagerarna, f\u00f6r n\u00e4rvarande i veckan, vill ber\u00e4tta och lyssna om vi ger dem ber\u00e4ttelser. Emotionella bilder av denna verksamhet. B\u00e5ten blir l\u00e4gerelden.<br \/>\nDet kan vara anekdotiska ber\u00e4ttelser om mannen som kliver p\u00e5 vid Nacka strand och forts\u00e4tter ut\u00e5t innan han \u00e5ker in\u00e5t. Detta f\u00f6r att han hinner ta in sj\u00f6luften och st\u00e4lla om hj\u00e4rnan fr\u00e5n sm\u00e5barnsf\u00f6r\u00e4lder till yrkesm\u00e4nniska. Eller ber\u00e4ttelsen om hur man l\u00f6st kollektivtrafiken p\u00e5 vatten i K\u00f6penhamn eller Hamburg. Eller hur det var p\u00e5 20-talet n\u00e4r b\u00e5ten som gick ut till Liding\u00f6 var fylld av byggnadsarbetare och b\u00e5ten in med tj\u00e4nstem\u00e4n och gr\u00f6nsaker och frukt och mj\u00f6lk till skolbarnen p\u00e5 S\u00f6dermalm. Och kanske visionen om framtiden med b\u00e5tar som g\u00e5r kors och tv\u00e4rs mellan alla Stockholms kajer\u2026<br \/>\n+++++++++++++++++++++++++++++++++++++++++++++++++<br \/>\nJag som skriver detta nyhetsbrev heter M<strong>atts Heijbel<\/strong>. Jag driver sen snart 10 \u00e5r f\u00f6retagsbloggen www.storytellers.se som vill vara den sj\u00e4lvklara svenskspr\u00e5kiga m\u00f6tesplatsen f\u00f6r dem som intresserar sig f\u00f6r Corporate Storytelling. Den platsen har l\u00e5ngt \u00f6ver 1.000 texter i \u00e4mnet och har nu haft n\u00e4stan 190.000 bes\u00f6kare. Intresset \u00e4r stort f\u00f6r dessa fr\u00e5gor.<br \/>\nCitera g\u00e4rna men ange k\u00e4llan. Vill du inte vara med l\u00e4ngre s\u00e5 v\u00e4nd nyhetsbrevet med ett nej tack s\u00e5 tar jag bort dig. Du \u00e4r f\u00f6r n\u00e4rvarande en av drygt 2.700 prenumeranter.<br \/>\nVi h\u00f6rs snart igen<br \/>\nH\u00e4lsar<br \/>\nMatts Heijbel<br \/>\nStockholm \/ Gr\u00f6dinge<br \/>\nDen 1 sept 2010<\/p>\n","protected":false},"excerpt":{"rendered":"<p>I dag g\u00e5r det femtiofemte nyhetsbrevet ut till drygt 2.700 prenumeranter. Du kan l\u00e4sa det via l\u00e4nken h\u00e4r under. Vill du sj\u00e4lva vara med p\u00e5 s\u00e4ndlistan s\u00e5 skriv till nyhetsbrev@storytellers.se<\/p>\n","protected":false},"author":2,"featured_media":0,"comment_status":"open","ping_status":"closed","sticky":false,"template":"","format":"standard","meta":[],"categories":[8],"tags":[],"_links":{"self":[{"href":"https:\/\/storytellers.se\/index.php?rest_route=\/wp\/v2\/posts\/2774"}],"collection":[{"href":"https:\/\/storytellers.se\/index.php?rest_route=\/wp\/v2\/posts"}],"about":[{"href":"https:\/\/storytellers.se\/index.php?rest_route=\/wp\/v2\/types\/post"}],"author":[{"embeddable":true,"href":"https:\/\/storytellers.se\/index.php?rest_route=\/wp\/v2\/users\/2"}],"replies":[{"embeddable":true,"href":"https:\/\/storytellers.se\/index.php?rest_route=%2Fwp%2Fv2%2Fcomments&post=2774"}],"version-history":[{"count":0,"href":"https:\/\/storytellers.se\/index.php?rest_route=\/wp\/v2\/posts\/2774\/revisions"}],"wp:attachment":[{"href":"https:\/\/storytellers.se\/index.php?rest_route=%2Fwp%2Fv2%2Fmedia&parent=2774"}],"wp:term":[{"taxonomy":"category","embeddable":true,"href":"https:\/\/storytellers.se\/index.php?rest_route=%2Fwp%2Fv2%2Fcategories&post=2774"},{"taxonomy":"post_tag","embeddable":true,"href":"https:\/\/storytellers.se\/index.php?rest_route=%2Fwp%2Fv2%2Ftags&post=2774"}],"curies":[{"name":"wp","href":"https:\/\/api.w.org\/{rel}","templated":true}]}}