{"id":2768,"date":"2010-08-23T14:21:48","date_gmt":"2010-08-23T13:21:48","guid":{"rendered":"http:\/\/heijbel.wordpress.com\/2010\/08\/23\/talar-pa-bokmassan-i-goteborg"},"modified":"2010-08-23T14:21:48","modified_gmt":"2010-08-23T13:21:48","slug":"talar-pa-bokmassan-i-goteborg","status":"publish","type":"post","link":"https:\/\/storytellers.se\/?p=2768","title":{"rendered":"Talar p\u00e5 Bokm\u00e4ssan i G\u00f6teborg"},"content":{"rendered":"<p>Den 24 september kl 10.30 b\u00f6rjar ett seminarium p\u00e5 <a href=\"http:\/\/www.bok-bibliotek.se\/sv\/bokmassan\/valkommen-till-bokmassan\/\"><em>Bok &amp; Biblioteksm\u00e4ssan<\/em><\/a>  i G\u00f6teborg d\u00e4r jag samtalar med min f\u00f6rl\u00e4ggare <strong>Stefan Lundstr\u00f6m<\/strong> om Corporate Storytelling aprop\u00e5 min bok <em>Storytelling befolkar varum\u00e4rket<\/em>. <a href=\"http:\/\/www.bok-bibliotek.se\/Global\/2010\/Sempro_fr_small.pdf\"><em>H\u00e4r<\/em><\/a> \u00e4r dagsprogrammet<\/p>\n","protected":false},"excerpt":{"rendered":"<p>Den 24 september kl 10.30 b\u00f6rjar ett seminarium p\u00e5 Bok &amp; Biblioteksm\u00e4ssan i G\u00f6teborg d\u00e4r jag samtalar med min f\u00f6rl\u00e4ggare Stefan Lundstr\u00f6m om Corporate Storytelling aprop\u00e5 min bok Storytelling befolkar varum\u00e4rket. H\u00e4r \u00e4r dagsprogrammet<\/p>\n","protected":false},"author":2,"featured_media":0,"comment_status":"open","ping_status":"closed","sticky":false,"template":"","format":"standard","meta":[],"categories":[9],"tags":[],"_links":{"self":[{"href":"https:\/\/storytellers.se\/index.php?rest_route=\/wp\/v2\/posts\/2768"}],"collection":[{"href":"https:\/\/storytellers.se\/index.php?rest_route=\/wp\/v2\/posts"}],"about":[{"href":"https:\/\/storytellers.se\/index.php?rest_route=\/wp\/v2\/types\/post"}],"author":[{"embeddable":true,"href":"https:\/\/storytellers.se\/index.php?rest_route=\/wp\/v2\/users\/2"}],"replies":[{"embeddable":true,"href":"https:\/\/storytellers.se\/index.php?rest_route=%2Fwp%2Fv2%2Fcomments&post=2768"}],"version-history":[{"count":0,"href":"https:\/\/storytellers.se\/index.php?rest_route=\/wp\/v2\/posts\/2768\/revisions"}],"wp:attachment":[{"href":"https:\/\/storytellers.se\/index.php?rest_route=%2Fwp%2Fv2%2Fmedia&parent=2768"}],"wp:term":[{"taxonomy":"category","embeddable":true,"href":"https:\/\/storytellers.se\/index.php?rest_route=%2Fwp%2Fv2%2Fcategories&post=2768"},{"taxonomy":"post_tag","embeddable":true,"href":"https:\/\/storytellers.se\/index.php?rest_route=%2Fwp%2Fv2%2Ftags&post=2768"}],"curies":[{"name":"wp","href":"https:\/\/api.w.org\/{rel}","templated":true}]}}