{"id":2766,"date":"2010-08-18T16:14:02","date_gmt":"2010-08-18T15:14:02","guid":{"rendered":"http:\/\/heijbel.wordpress.com\/2010\/08\/18\/i-final-som-arets-marknadsforingsbok"},"modified":"2010-08-18T16:14:02","modified_gmt":"2010-08-18T15:14:02","slug":"i-final-som-arets-marknadsforingsbok","status":"publish","type":"post","link":"https:\/\/storytellers.se\/?p=2766","title":{"rendered":"I final som \u00c5rets Marknadsf\u00f6ringsbok"},"content":{"rendered":"<p>Nu har min bok g\u00e5tt  till final i t\u00e4vlingen \u00c5rets Marknadsf\u00f6ringsbok. Den 14 oktober avsl\u00f6jas vinnaren i samband med Marknadsf\u00f6rbundets <em>Tendensdagen<\/em>. Min bok, <strong>Storytellling befolkar varum\u00e4rket<\/strong>, konkurrerar med <strong>L\u00f6nsammare butik<\/strong> av Eva Cohen mfl, <strong>Sociala medier<\/strong> av P\u00e4r Str\u00f6m, <strong>Varum\u00e4rket inifr\u00e5n och ut<\/strong> av Tommy Falonius, <strong>Farliga id\u00e9er <\/strong>av Alf Rehn och <strong>Eco-branding<\/strong> av Mats Persson och Sune Hemberg.<\/p>\n","protected":false},"excerpt":{"rendered":"<p>Nu har min bok g\u00e5tt till final i t\u00e4vlingen \u00c5rets Marknadsf\u00f6ringsbok. Den 14 oktober avsl\u00f6jas vinnaren i samband med Marknadsf\u00f6rbundets Tendensdagen. Min bok, Storytellling befolkar varum\u00e4rket, konkurrerar med L\u00f6nsammare butik av Eva Cohen mfl, Sociala medier av P\u00e4r Str\u00f6m, Varum\u00e4rket inifr\u00e5n och ut av Tommy Falonius, Farliga id\u00e9er av Alf Rehn och Eco-branding av Mats&#8230;<\/p>\n","protected":false},"author":2,"featured_media":0,"comment_status":"open","ping_status":"closed","sticky":false,"template":"","format":"standard","meta":[],"categories":[9],"tags":[],"_links":{"self":[{"href":"https:\/\/storytellers.se\/index.php?rest_route=\/wp\/v2\/posts\/2766"}],"collection":[{"href":"https:\/\/storytellers.se\/index.php?rest_route=\/wp\/v2\/posts"}],"about":[{"href":"https:\/\/storytellers.se\/index.php?rest_route=\/wp\/v2\/types\/post"}],"author":[{"embeddable":true,"href":"https:\/\/storytellers.se\/index.php?rest_route=\/wp\/v2\/users\/2"}],"replies":[{"embeddable":true,"href":"https:\/\/storytellers.se\/index.php?rest_route=%2Fwp%2Fv2%2Fcomments&post=2766"}],"version-history":[{"count":0,"href":"https:\/\/storytellers.se\/index.php?rest_route=\/wp\/v2\/posts\/2766\/revisions"}],"wp:attachment":[{"href":"https:\/\/storytellers.se\/index.php?rest_route=%2Fwp%2Fv2%2Fmedia&parent=2766"}],"wp:term":[{"taxonomy":"category","embeddable":true,"href":"https:\/\/storytellers.se\/index.php?rest_route=%2Fwp%2Fv2%2Fcategories&post=2766"},{"taxonomy":"post_tag","embeddable":true,"href":"https:\/\/storytellers.se\/index.php?rest_route=%2Fwp%2Fv2%2Ftags&post=2766"}],"curies":[{"name":"wp","href":"https:\/\/api.w.org\/{rel}","templated":true}]}}